{"id":10282,"date":"2025-09-05T14:09:55","date_gmt":"2025-09-05T12:09:55","guid":{"rendered":"https:\/\/malamaur.it\/index.php\/2025\/09\/05\/le-maschere-della-morte\/"},"modified":"2025-09-05T14:09:55","modified_gmt":"2025-09-05T12:09:55","slug":"le-maschere-della-morte","status":"publish","type":"post","link":"https:\/\/malamaur.it\/index.php\/2025\/09\/05\/le-maschere-della-morte\/","title":{"rendered":"Le maschere della morte"},"content":{"rendered":"<p>Il quarto episodio del romanzo a puntate di Fabio Delizzos<br \/>\nLe indagini di Bellerofonte Castaldi, investigatore veneziano al servizio del papa<br \/>\nRoma, 1756. Nella citt\u00e0 eterna si sta festeggiando uno dei carnevali pi\u00f9 rinomati al mondo, insieme a quello di Venezia. \u00c8 arrivato il momento tanto atteso dei palii, delle sfilate grandiose, dei fuochi d\u2019artificio, dei balli e dei costumi sontuosi. Ma dietro l\u2019allegria che invade le strade si nasconde l\u2019angoscia del popolo. Dietro ogni costume potrebbe celarsi un criminale senza piet\u00e0. Bellerofonte Castaldi prosegue la sua indagine sotto lo sguardo vigile di papa Benedetto XIV. Dagli austeri ambienti ecclesiastici, dove i segreti sono inconfessabili, alle feste in costume, dove anche un segreto di Pulcinella pu\u00f2 essere fatale, Bellerofonte dovr\u00e0 dare il meglio di s\u00e9, non solo per catturare i criminali a cui sta dando la caccia, ma anche per salvare la sua stessa pelle. Perch\u00e9 un assassino dal volto coperto \u00e8 pi\u00f9 insidioso e letale\u2026<br \/>\nFabio Delizzos<br \/>\n\u00c8 nato a Torino nel 1969 e vive a Roma. Laureato in filosofia, copywriter freelance, per la Newton Compton ha gi\u00e0 pubblicato con grande successo i romanzi La setta degli alchimisti, La cattedrale dell\u2019Anticristo e La loggia nera dei veggenti.<\/p>\n","protected":false},"excerpt":{"rendered":"<p>Il quarto episodio del romanzo a puntate di Fabio Delizzos Le indagini di Bellerofonte Castaldi, investigatore veneziano al servizio del papa Roma, 1756. Nella citt\u00e0 eterna si sta festeggiando uno dei carnevali pi\u00f9 rinomati al mondo, insieme a quello di Venezia. \u00c8 arrivato il momento tanto atteso dei palii, delle sfilate grandiose, dei fuochi d\u2019artificio, [&hellip;]<\/p>\n","protected":false},"author":1,"featured_media":10283,"comment_status":"open","ping_status":"open","sticky":false,"template":"","format":"standard","meta":{"_acf_changed":false,"footnotes":""},"categories":[1],"tags":[],"class_list":["post-10282","post","type-post","status-publish","format-standard","has-post-thumbnail","hentry","category-ebook"],"acf":[],"_links":{"self":[{"href":"https:\/\/malamaur.it\/index.php\/wp-json\/wp\/v2\/posts\/10282","targetHints":{"allow":["GET"]}}],"collection":[{"href":"https:\/\/malamaur.it\/index.php\/wp-json\/wp\/v2\/posts"}],"about":[{"href":"https:\/\/malamaur.it\/index.php\/wp-json\/wp\/v2\/types\/post"}],"author":[{"embeddable":true,"href":"https:\/\/malamaur.it\/index.php\/wp-json\/wp\/v2\/users\/1"}],"replies":[{"embeddable":true,"href":"https:\/\/malamaur.it\/index.php\/wp-json\/wp\/v2\/comments?post=10282"}],"version-history":[{"count":0,"href":"https:\/\/malamaur.it\/index.php\/wp-json\/wp\/v2\/posts\/10282\/revisions"}],"wp:featuredmedia":[{"embeddable":true,"href":"https:\/\/malamaur.it\/index.php\/wp-json\/wp\/v2\/media\/10283"}],"wp:attachment":[{"href":"https:\/\/malamaur.it\/index.php\/wp-json\/wp\/v2\/media?parent=10282"}],"wp:term":[{"taxonomy":"category","embeddable":true,"href":"https:\/\/malamaur.it\/index.php\/wp-json\/wp\/v2\/categories?post=10282"},{"taxonomy":"post_tag","embeddable":true,"href":"https:\/\/malamaur.it\/index.php\/wp-json\/wp\/v2\/tags?post=10282"}],"curies":[{"name":"wp","href":"https:\/\/api.w.org\/{rel}","templated":true}]}}