{"id":10362,"date":"2025-09-05T14:10:14","date_gmt":"2025-09-05T12:10:14","guid":{"rendered":"https:\/\/malamaur.it\/index.php\/2025\/09\/05\/non-dite-che-col-tempo-si-dimentica\/"},"modified":"2025-09-05T14:10:14","modified_gmt":"2025-09-05T12:10:14","slug":"non-dite-che-col-tempo-si-dimentica","status":"publish","type":"post","link":"https:\/\/malamaur.it\/index.php\/2025\/09\/05\/non-dite-che-col-tempo-si-dimentica\/","title":{"rendered":"Non dite che col tempo si dimentica"},"content":{"rendered":"<p>Milano, 2008. L&#8217;inquieta pianista Anna Orvieto ha un&#8217;appassionata relazione col giovane fotografo francese Philippe. Alla vigilia di un importante debutto alla Scala decide di seguirlo a Tunisi, un breve viaggio che toglier\u00e0 inaspettatamente il velo su oscure vicende del passato riconciliandola con se stessa. Tunisi, 1938. Nella Tunisia amministrata dai francesi i fascisti italiani rivendicano con forza il dominio del paese. All&#8217;emanazione delle leggi razziali il mondo di Cesare Orvieto, illustre medico ebreo e autorevole esponente della comunit\u00e0 italiana, fascista convinto, va in pezzi. Diviso tra l&#8217;affetto per la moglie di cui rimpiange la grazia ormai sbiadita di ballerina e la travolgente passione per l&#8217;affascinante pianista Augusta Levi, incapace di rinunciare a un&#8217;appartenenza italiana che gli viene brutalmente negata, Cesare va incontro al proprio tragico, ineluttabile destino. Daniela Dawan, avvocato, \u00e8 nata a Tripoli dove ha vissuto la sua prima infanzia. \u00c8 rientrata in Italia nel 1967, con la famiglia, in seguito alla Guerra dei sei giorni. \u00c8 vissuta a Roma, a Bruxelles e negli Stati Uniti.<\/p>\n","protected":false},"excerpt":{"rendered":"<p>Milano, 2008. L&#8217;inquieta pianista Anna Orvieto ha un&#8217;appassionata relazione col giovane fotografo francese Philippe. Alla vigilia di un importante debutto alla Scala decide di seguirlo a Tunisi, un breve viaggio che toglier\u00e0 inaspettatamente il velo su oscure vicende del passato riconciliandola con se stessa. Tunisi, 1938. Nella Tunisia amministrata dai francesi i fascisti italiani rivendicano [&hellip;]<\/p>\n","protected":false},"author":1,"featured_media":10363,"comment_status":"open","ping_status":"open","sticky":false,"template":"","format":"standard","meta":{"_acf_changed":false,"footnotes":""},"categories":[1],"tags":[],"class_list":["post-10362","post","type-post","status-publish","format-standard","has-post-thumbnail","hentry","category-ebook"],"acf":[],"_links":{"self":[{"href":"https:\/\/malamaur.it\/index.php\/wp-json\/wp\/v2\/posts\/10362","targetHints":{"allow":["GET"]}}],"collection":[{"href":"https:\/\/malamaur.it\/index.php\/wp-json\/wp\/v2\/posts"}],"about":[{"href":"https:\/\/malamaur.it\/index.php\/wp-json\/wp\/v2\/types\/post"}],"author":[{"embeddable":true,"href":"https:\/\/malamaur.it\/index.php\/wp-json\/wp\/v2\/users\/1"}],"replies":[{"embeddable":true,"href":"https:\/\/malamaur.it\/index.php\/wp-json\/wp\/v2\/comments?post=10362"}],"version-history":[{"count":0,"href":"https:\/\/malamaur.it\/index.php\/wp-json\/wp\/v2\/posts\/10362\/revisions"}],"wp:featuredmedia":[{"embeddable":true,"href":"https:\/\/malamaur.it\/index.php\/wp-json\/wp\/v2\/media\/10363"}],"wp:attachment":[{"href":"https:\/\/malamaur.it\/index.php\/wp-json\/wp\/v2\/media?parent=10362"}],"wp:term":[{"taxonomy":"category","embeddable":true,"href":"https:\/\/malamaur.it\/index.php\/wp-json\/wp\/v2\/categories?post=10362"},{"taxonomy":"post_tag","embeddable":true,"href":"https:\/\/malamaur.it\/index.php\/wp-json\/wp\/v2\/tags?post=10362"}],"curies":[{"name":"wp","href":"https:\/\/api.w.org\/{rel}","templated":true}]}}