{"id":10564,"date":"2025-09-05T14:10:58","date_gmt":"2025-09-05T12:10:58","guid":{"rendered":"https:\/\/malamaur.it\/index.php\/2025\/09\/05\/il-sole-ci-verra-a-cercare\/"},"modified":"2025-09-05T14:10:58","modified_gmt":"2025-09-05T12:10:58","slug":"il-sole-ci-verra-a-cercare","status":"publish","type":"post","link":"https:\/\/malamaur.it\/index.php\/2025\/09\/05\/il-sole-ci-verra-a-cercare\/","title":{"rendered":"Il sole ci verr\u00e0 a cercare"},"content":{"rendered":"<p>Lena \u00e8 poco pi\u00f9 che una bambina il giorno in cui vede per la prima volta il sole oscurato da una scia di aerei da combattimento nazisti. Le ali argentee luccicano brevemente sopra il suo shtetl, un minuscolo villaggio ebraico accoccolato nell\u2019ansa di un tortuoso fiume al confine tra Romania e Ucraina. Si dirigono oltre le montagne. Poi, in lontananza, uno scoppio micidiale e, dopo, solo il silenzio. Lena e gli altri abitanti del paese credevano di essere in salvo in quello sperduto angolo di terra, credevano di essere stati dimenticati per sempre dal resto del mondo. Ma adesso il fiume ha cominciato a portare sulle loro sponde i detriti bruciati di altre vite, e, dal fango emerge anche una donna, scampata al massacro del villaggio al di l\u00e0 delle montagne. La straniera custodisce nei suoi occhi un mare di disperato orrore e gli abitanti capiscono che \u00e8 solo questione di tempo prima che anche il loro cielo venga spezzato in mille frammenti azzurri. \u00c8 tardi per fuggire ed \u00e8 inutile costruire barricate. Solo Lena sa che rimane un\u2019unica cosa da fare: fingere che la guerra non ci sia, che non sia mai esistita. Ed \u00e8 cos\u00ec che, aiutata dalla straniera, convince tutti a stringere un patto. Oggi \u00e8 il primo giorno di una nuova esistenza, da questo momento il mondo ricomincia da capo e loro sono soli nel loro villaggio, circondati dal niente. Perch\u00e9 \u00e8 solo il potere delle storie che alla fine, forse, li potr\u00e0 salvare e riportare il sole nella loro vita&#8230; Ramona Ausubel \u00e8 cresciuta fra le storie. Fin da piccola rimaneva per ore incantata ad ascoltare i racconti che la nonna le faceva sulla sua famiglia, il suo popolo, le loro tradizioni. Cos\u00ec \u00e8 nato Il sole ci verr\u00e0 a cercare, un romanzo che \u00e8 stato accolto come la rivelazione letteraria dell\u2019anno, recensito da tutti i pi\u00f9 prestigiosi critici americani. Con una voce magica, potente e immaginifica, Ramona Ausubel ci regala una storia sul potere dell\u2019immaginazione sopra l\u2019orrore, perch\u00e9 reinventare serva a non dimenticare mai.<\/p>\n","protected":false},"excerpt":{"rendered":"<p>Lena \u00e8 poco pi\u00f9 che una bambina il giorno in cui vede per la prima volta il sole oscurato da una scia di aerei da combattimento nazisti. Le ali argentee luccicano brevemente sopra il suo shtetl, un minuscolo villaggio ebraico accoccolato nell\u2019ansa di un tortuoso fiume al confine tra Romania e Ucraina. Si dirigono oltre [&hellip;]<\/p>\n","protected":false},"author":1,"featured_media":10565,"comment_status":"open","ping_status":"open","sticky":false,"template":"","format":"standard","meta":{"_acf_changed":false,"footnotes":""},"categories":[1],"tags":[],"class_list":["post-10564","post","type-post","status-publish","format-standard","has-post-thumbnail","hentry","category-ebook"],"acf":[],"_links":{"self":[{"href":"https:\/\/malamaur.it\/index.php\/wp-json\/wp\/v2\/posts\/10564","targetHints":{"allow":["GET"]}}],"collection":[{"href":"https:\/\/malamaur.it\/index.php\/wp-json\/wp\/v2\/posts"}],"about":[{"href":"https:\/\/malamaur.it\/index.php\/wp-json\/wp\/v2\/types\/post"}],"author":[{"embeddable":true,"href":"https:\/\/malamaur.it\/index.php\/wp-json\/wp\/v2\/users\/1"}],"replies":[{"embeddable":true,"href":"https:\/\/malamaur.it\/index.php\/wp-json\/wp\/v2\/comments?post=10564"}],"version-history":[{"count":0,"href":"https:\/\/malamaur.it\/index.php\/wp-json\/wp\/v2\/posts\/10564\/revisions"}],"wp:featuredmedia":[{"embeddable":true,"href":"https:\/\/malamaur.it\/index.php\/wp-json\/wp\/v2\/media\/10565"}],"wp:attachment":[{"href":"https:\/\/malamaur.it\/index.php\/wp-json\/wp\/v2\/media?parent=10564"}],"wp:term":[{"taxonomy":"category","embeddable":true,"href":"https:\/\/malamaur.it\/index.php\/wp-json\/wp\/v2\/categories?post=10564"},{"taxonomy":"post_tag","embeddable":true,"href":"https:\/\/malamaur.it\/index.php\/wp-json\/wp\/v2\/tags?post=10564"}],"curies":[{"name":"wp","href":"https:\/\/api.w.org\/{rel}","templated":true}]}}