{"id":10616,"date":"2025-09-05T14:11:07","date_gmt":"2025-09-05T12:11:07","guid":{"rendered":"https:\/\/malamaur.it\/index.php\/2025\/09\/05\/il-cammino-del-penitente\/"},"modified":"2025-09-05T14:11:07","modified_gmt":"2025-09-05T12:11:07","slug":"il-cammino-del-penitente","status":"publish","type":"post","link":"https:\/\/malamaur.it\/index.php\/2025\/09\/05\/il-cammino-del-penitente\/","title":{"rendered":"Il cammino del penitente"},"content":{"rendered":"<p>Lois Castro \u00e8 sconcertato. Lavora in polizia da molti, troppi anni, eppure non si \u00e8 mai trovato di fronte a una scena simile: una ragazza giovanissima, nemmeno ventenne, barbaramente uccisa nella cattedrale di Santiago de Compostela. La vittima viene subito identificata come Patricia Palmer, studentessa di archeologia nonch\u00e9 appassionata attivista per la difesa dell&#8217;ambiente. In particolare, Patricia aveva partecipato a una manifestazione contro una grossa fabbrica della zona e la cosa le aveva procurato non pochi nemici. Ma perch\u00e9 assassinarla? E perch\u00e9 farlo in uno dei luoghi pi\u00f9 sacri del mondo?<br \/>Laura M\u00e1rquez \u00e8 al colmo della gioia. Il direttore del giornale per cui collabora l&#8217;ha finalmente incaricata di occuparsi di un caso vero: la sparizione di un manoscritto dalla biblioteca dell&#8217;universit\u00e0 di Santiago. Messi da parte i bollettini del traffico e i necrologi, Laura si getta a capofitto nel suo primo lavoro sul campo, anche perch\u00e9 ha la netta sensazione che, dietro quel furto, si nasconda una storia ben pi\u00f9 interessante: quella stessa mattina, infatti, l&#8217;arcivescovo ha diramato un appello per esortare il ladro a restituire l&#8217;antichissimo testo. <br \/>E, poco dopo, i sospetti di Laura trovano una drammatica conferma: l&#8217;ultima persona ad aver consultato quelle carte \u00e8 stata Patricia Palmer, la ragazza uccisa nella cattedrale..<\/p>\n","protected":false},"excerpt":{"rendered":"<p>Lois Castro \u00e8 sconcertato. Lavora in polizia da molti, troppi anni, eppure non si \u00e8 mai trovato di fronte a una scena simile: una ragazza giovanissima, nemmeno ventenne, barbaramente uccisa nella cattedrale di Santiago de Compostela. La vittima viene subito identificata come Patricia Palmer, studentessa di archeologia nonch\u00e9 appassionata attivista per la difesa dell&#8217;ambiente. In [&hellip;]<\/p>\n","protected":false},"author":1,"featured_media":10617,"comment_status":"open","ping_status":"open","sticky":false,"template":"","format":"standard","meta":{"_acf_changed":false,"footnotes":""},"categories":[1],"tags":[],"class_list":["post-10616","post","type-post","status-publish","format-standard","has-post-thumbnail","hentry","category-ebook"],"acf":[],"_links":{"self":[{"href":"https:\/\/malamaur.it\/index.php\/wp-json\/wp\/v2\/posts\/10616","targetHints":{"allow":["GET"]}}],"collection":[{"href":"https:\/\/malamaur.it\/index.php\/wp-json\/wp\/v2\/posts"}],"about":[{"href":"https:\/\/malamaur.it\/index.php\/wp-json\/wp\/v2\/types\/post"}],"author":[{"embeddable":true,"href":"https:\/\/malamaur.it\/index.php\/wp-json\/wp\/v2\/users\/1"}],"replies":[{"embeddable":true,"href":"https:\/\/malamaur.it\/index.php\/wp-json\/wp\/v2\/comments?post=10616"}],"version-history":[{"count":0,"href":"https:\/\/malamaur.it\/index.php\/wp-json\/wp\/v2\/posts\/10616\/revisions"}],"wp:featuredmedia":[{"embeddable":true,"href":"https:\/\/malamaur.it\/index.php\/wp-json\/wp\/v2\/media\/10617"}],"wp:attachment":[{"href":"https:\/\/malamaur.it\/index.php\/wp-json\/wp\/v2\/media?parent=10616"}],"wp:term":[{"taxonomy":"category","embeddable":true,"href":"https:\/\/malamaur.it\/index.php\/wp-json\/wp\/v2\/categories?post=10616"},{"taxonomy":"post_tag","embeddable":true,"href":"https:\/\/malamaur.it\/index.php\/wp-json\/wp\/v2\/tags?post=10616"}],"curies":[{"name":"wp","href":"https:\/\/api.w.org\/{rel}","templated":true}]}}