{"id":10878,"date":"2025-09-05T14:12:01","date_gmt":"2025-09-05T12:12:01","guid":{"rendered":"https:\/\/malamaur.it\/index.php\/2025\/09\/05\/il-ragazzo-che-leggeva-verne\/"},"modified":"2025-09-05T14:12:01","modified_gmt":"2025-09-05T12:12:01","slug":"il-ragazzo-che-leggeva-verne","status":"publish","type":"post","link":"https:\/\/malamaur.it\/index.php\/2025\/09\/05\/il-ragazzo-che-leggeva-verne\/","title":{"rendered":"Il ragazzo che leggeva Verne"},"content":{"rendered":"<p>Non \u00e8 vero che in Andalusia il tempo \u00e8 sempre bello, n\u00e9 che la Guerra di Spagna \u00e8 finita nel 1939. Ne sa qualcosa Nino, figlio di una guardia civile di stanza nella provincia montuosa di Ja\u00e9n. Ancora nel 1947, il leggendario partigiano Cencerro imperversa sui monti e Nino, che vive con la famiglia nella caserma del suo piccolo paese, non potr\u00e0 mai dimenticare quell&#8217;estate: il giorno di luglio in cui Cencerro si \u00e8 suicidato per sfuggire alla cattura, facendosi beffe delle autorit\u00e0 per l&#8217;ultima volta; il mulino accanto al fiume dove va a pesca di granchi con Pepe il Portoghese, misterioso e affascinante forestiero che diventa suo amico e modello; il podere delle Bionde, famiglia di sole donne, vedove e orfane, che resistono orgogliose alle vessazioni del franchismo; la violenta repressione che segue l&#8217;avvento di un nuovo Cencerro; la maturata convinzione che mai seguir\u00e0 le orme del padre nella Guardia civil. Mentre scopre un mondo nuovo grazie ai romanzi di avventura di cui \u00e8 avido lettore, Nino impara a poco a poco a interpretare il proprio, il mondo violento della caserma dove le urla dei prigionieri non lo lasciano dormire, quello di un paesino dove convivono omert\u00e0 e tradimenti di due fazioni opposte e inconciliabili. E capisce perch\u00e9 il padre gli fa studiare dattilografia, capisce perch\u00e9 in quella &#8220;guerra interminabile&#8221; i nemici di suo padre non sono i suoi.<br \/>\n(source: inmondadori_it.com)<\/p>\n","protected":false},"excerpt":{"rendered":"<p>Non \u00e8 vero che in Andalusia il tempo \u00e8 sempre bello, n\u00e9 che la Guerra di Spagna \u00e8 finita nel 1939. Ne sa qualcosa Nino, figlio di una guardia civile di stanza nella provincia montuosa di Ja\u00e9n. Ancora nel 1947, il leggendario partigiano Cencerro imperversa sui monti e Nino, che vive con la famiglia nella [&hellip;]<\/p>\n","protected":false},"author":1,"featured_media":10879,"comment_status":"open","ping_status":"open","sticky":false,"template":"","format":"standard","meta":{"_acf_changed":false,"footnotes":""},"categories":[1],"tags":[],"class_list":["post-10878","post","type-post","status-publish","format-standard","has-post-thumbnail","hentry","category-ebook"],"acf":[],"_links":{"self":[{"href":"https:\/\/malamaur.it\/index.php\/wp-json\/wp\/v2\/posts\/10878","targetHints":{"allow":["GET"]}}],"collection":[{"href":"https:\/\/malamaur.it\/index.php\/wp-json\/wp\/v2\/posts"}],"about":[{"href":"https:\/\/malamaur.it\/index.php\/wp-json\/wp\/v2\/types\/post"}],"author":[{"embeddable":true,"href":"https:\/\/malamaur.it\/index.php\/wp-json\/wp\/v2\/users\/1"}],"replies":[{"embeddable":true,"href":"https:\/\/malamaur.it\/index.php\/wp-json\/wp\/v2\/comments?post=10878"}],"version-history":[{"count":0,"href":"https:\/\/malamaur.it\/index.php\/wp-json\/wp\/v2\/posts\/10878\/revisions"}],"wp:featuredmedia":[{"embeddable":true,"href":"https:\/\/malamaur.it\/index.php\/wp-json\/wp\/v2\/media\/10879"}],"wp:attachment":[{"href":"https:\/\/malamaur.it\/index.php\/wp-json\/wp\/v2\/media?parent=10878"}],"wp:term":[{"taxonomy":"category","embeddable":true,"href":"https:\/\/malamaur.it\/index.php\/wp-json\/wp\/v2\/categories?post=10878"},{"taxonomy":"post_tag","embeddable":true,"href":"https:\/\/malamaur.it\/index.php\/wp-json\/wp\/v2\/tags?post=10878"}],"curies":[{"name":"wp","href":"https:\/\/api.w.org\/{rel}","templated":true}]}}