{"id":11060,"date":"2025-09-05T14:12:41","date_gmt":"2025-09-05T12:12:41","guid":{"rendered":"https:\/\/malamaur.it\/index.php\/2025\/09\/05\/la-bustina-di-minerva\/"},"modified":"2025-09-05T14:12:41","modified_gmt":"2025-09-05T12:12:41","slug":"la-bustina-di-minerva","status":"publish","type":"post","link":"https:\/\/malamaur.it\/index.php\/2025\/09\/05\/la-bustina-di-minerva\/","title":{"rendered":"La bustina di Minerva"},"content":{"rendered":"<p>La Bustina di Minerva \u00e8 una rubrica iniziata sull\u2019ultima pagina dell&#8217;Espresso nel marzo del 1985 e continuata con regolarit\u00e0 settimanale sino al marzo del 1998, quando \u00e8 diventata quindicinale. Cos\u00ec, anche considerando qualche settimana di sciopero e qualche numero doppio per Natale e Capodanno insieme, le Bustine dovrebbero essere ormai seicentosettanta o gi\u00f9 di l\u00ec. Una serie, con il titolo \u201cIstruzioni per l\u2019uso\u201d, era stata pubblicata nel 1990 su Il secondo Diario Minimo. Ne restavano abbastanza, anche lavorando sull\u2019ultimo decennio, per selezionare quelle che qui ora appaiono, e che spaziano da riflessioni sui problemi del mondo contemporaneo, alla societ\u00e0 italiana, alla stampa, al destino del libro nell\u2019era di Internet, sino ad alcune caute previsioni sul terzo Millennio e a una serie di \u201cdivertimenti\u201d o raccontini. La raccolta d\u00e0 il senso della rubrica che, come vuole il titolo, intendeva raccogliere quegli appunti occasionali e spesso extravaganti che talora si annotano nella parte interna di quelle bustine di fiammiferi che si chiamano appunto Minerva. Molti di questi pezzi hanno trovato polemiche, altri sono stati usati da insegnanti nelle scuole, quasi tutti hanno dato luogo a migliaia di lettere da parte dei lettori (che andavano dal consenso al consiglio e all\u2019insulto). Sulle Bustine pubblicate dal 1985 al 1994 \u00e8 stata anche scritta una tesi di laurea, discussa da Joseph Cadeddu a Paris X. Bench\u00e9 voluta- mente occasionali e disposte a vistosi salti di registro, dal comico al tragico, queste Bustine raccontano la nostra storia degli ultimi anni.<\/p>\n","protected":false},"excerpt":{"rendered":"<p>La Bustina di Minerva \u00e8 una rubrica iniziata sull\u2019ultima pagina dell&#8217;Espresso nel marzo del 1985 e continuata con regolarit\u00e0 settimanale sino al marzo del 1998, quando \u00e8 diventata quindicinale. Cos\u00ec, anche considerando qualche settimana di sciopero e qualche numero doppio per Natale e Capodanno insieme, le Bustine dovrebbero essere ormai seicentosettanta o gi\u00f9 di l\u00ec. [&hellip;]<\/p>\n","protected":false},"author":1,"featured_media":11061,"comment_status":"open","ping_status":"open","sticky":false,"template":"","format":"standard","meta":{"_acf_changed":false,"footnotes":""},"categories":[1],"tags":[],"class_list":["post-11060","post","type-post","status-publish","format-standard","has-post-thumbnail","hentry","category-ebook"],"acf":[],"_links":{"self":[{"href":"https:\/\/malamaur.it\/index.php\/wp-json\/wp\/v2\/posts\/11060","targetHints":{"allow":["GET"]}}],"collection":[{"href":"https:\/\/malamaur.it\/index.php\/wp-json\/wp\/v2\/posts"}],"about":[{"href":"https:\/\/malamaur.it\/index.php\/wp-json\/wp\/v2\/types\/post"}],"author":[{"embeddable":true,"href":"https:\/\/malamaur.it\/index.php\/wp-json\/wp\/v2\/users\/1"}],"replies":[{"embeddable":true,"href":"https:\/\/malamaur.it\/index.php\/wp-json\/wp\/v2\/comments?post=11060"}],"version-history":[{"count":0,"href":"https:\/\/malamaur.it\/index.php\/wp-json\/wp\/v2\/posts\/11060\/revisions"}],"wp:featuredmedia":[{"embeddable":true,"href":"https:\/\/malamaur.it\/index.php\/wp-json\/wp\/v2\/media\/11061"}],"wp:attachment":[{"href":"https:\/\/malamaur.it\/index.php\/wp-json\/wp\/v2\/media?parent=11060"}],"wp:term":[{"taxonomy":"category","embeddable":true,"href":"https:\/\/malamaur.it\/index.php\/wp-json\/wp\/v2\/categories?post=11060"},{"taxonomy":"post_tag","embeddable":true,"href":"https:\/\/malamaur.it\/index.php\/wp-json\/wp\/v2\/tags?post=11060"}],"curies":[{"name":"wp","href":"https:\/\/api.w.org\/{rel}","templated":true}]}}