{"id":11262,"date":"2025-09-05T14:13:32","date_gmt":"2025-09-05T12:13:32","guid":{"rendered":"https:\/\/malamaur.it\/index.php\/2025\/09\/05\/i-figli-dei-guardiani-di-elefanti\/"},"modified":"2025-09-05T14:13:32","modified_gmt":"2025-09-05T12:13:32","slug":"i-figli-dei-guardiani-di-elefanti","status":"publish","type":"post","link":"https:\/\/malamaur.it\/index.php\/2025\/09\/05\/i-figli-dei-guardiani-di-elefanti\/","title":{"rendered":"I figli dei guardiani di elefanti"},"content":{"rendered":"<p>&#8220;Ho trovato una porta per uscire dalla prigione, una porta che si apre verso la libert\u00e0. Scrivo queste pagine per mostrartela.&#8221; Comincia cos\u00ec il nuovo romanzo di Peter H\u00f8eg. La prigione \u00e8 ovviamente una metafora, \u00e8 la vita che non viviamo ma da cui ci lasciamo vivere. A raccontare \u00e8 Peter, un quattordicenne appassionato di calcio, che vive a Fin\u00f8, piccola isola di fantasia nell&#8217;arcipelago danese, posta nel mezzo del Mare delle Possibilit\u00e0. Peter \u00e8 figlio del pastore dell&#8217;unica chiesa e la madre \u00e8 organista, ma i suoi non sono due genitori normali, e ogni tanto, senza preavviso, spariscono nel nulla. Conoscendo la loro tendenza a truffare il prossimo, quando scompaiono per l&#8217;ennesima volta lasciandosi alle spalle poche tracce, Peter decide di battere sul tempo la polizia e parte alla ricerca dei genitori per impedire che si mettano definitivamente nei guai, condannando i figli all&#8217;orfanotrofio. Con lui ci sono anche il fratello maggiore Hans, che sembra &#8220;nato con ottocento anni di ritardo&#8221; tanto il suo animo \u00e8 cavalleresco, la sorella Tilte, incantatrice dalla memoria prodigiosa, e il cane Basker III, tutto sommato il pi\u00f9 normale della compagnia. Una vicenda e un romanzo sorprendenti, dal ritmo incalzante, dove i ruoli sono continuamente rovesciati: in una fuga rocambolesca i piccoli inseguitori diventano a loro volta inseguiti. Con leggerezza e un&#8217;ironia che diverte fino alle lacrime, Peter H\u00f8eg racconta il mondo dell&#8217;adolescenza regalando un ritratto indimenticabile, capace di &#8220;educare&#8221; gli adulti.<\/p>\n","protected":false},"excerpt":{"rendered":"<p>&#8220;Ho trovato una porta per uscire dalla prigione, una porta che si apre verso la libert\u00e0. Scrivo queste pagine per mostrartela.&#8221; Comincia cos\u00ec il nuovo romanzo di Peter H\u00f8eg. La prigione \u00e8 ovviamente una metafora, \u00e8 la vita che non viviamo ma da cui ci lasciamo vivere. A raccontare \u00e8 Peter, un quattordicenne appassionato di [&hellip;]<\/p>\n","protected":false},"author":1,"featured_media":11263,"comment_status":"open","ping_status":"open","sticky":false,"template":"","format":"standard","meta":{"_acf_changed":false,"footnotes":""},"categories":[1],"tags":[],"class_list":["post-11262","post","type-post","status-publish","format-standard","has-post-thumbnail","hentry","category-ebook"],"acf":[],"_links":{"self":[{"href":"https:\/\/malamaur.it\/index.php\/wp-json\/wp\/v2\/posts\/11262","targetHints":{"allow":["GET"]}}],"collection":[{"href":"https:\/\/malamaur.it\/index.php\/wp-json\/wp\/v2\/posts"}],"about":[{"href":"https:\/\/malamaur.it\/index.php\/wp-json\/wp\/v2\/types\/post"}],"author":[{"embeddable":true,"href":"https:\/\/malamaur.it\/index.php\/wp-json\/wp\/v2\/users\/1"}],"replies":[{"embeddable":true,"href":"https:\/\/malamaur.it\/index.php\/wp-json\/wp\/v2\/comments?post=11262"}],"version-history":[{"count":0,"href":"https:\/\/malamaur.it\/index.php\/wp-json\/wp\/v2\/posts\/11262\/revisions"}],"wp:featuredmedia":[{"embeddable":true,"href":"https:\/\/malamaur.it\/index.php\/wp-json\/wp\/v2\/media\/11263"}],"wp:attachment":[{"href":"https:\/\/malamaur.it\/index.php\/wp-json\/wp\/v2\/media?parent=11262"}],"wp:term":[{"taxonomy":"category","embeddable":true,"href":"https:\/\/malamaur.it\/index.php\/wp-json\/wp\/v2\/categories?post=11262"},{"taxonomy":"post_tag","embeddable":true,"href":"https:\/\/malamaur.it\/index.php\/wp-json\/wp\/v2\/tags?post=11262"}],"curies":[{"name":"wp","href":"https:\/\/api.w.org\/{rel}","templated":true}]}}