{"id":11296,"date":"2025-09-05T14:13:38","date_gmt":"2025-09-05T12:13:38","guid":{"rendered":"https:\/\/malamaur.it\/index.php\/2025\/09\/05\/rinascimento-privato\/"},"modified":"2025-09-05T14:13:38","modified_gmt":"2025-09-05T12:13:38","slug":"rinascimento-privato","status":"publish","type":"post","link":"https:\/\/malamaur.it\/index.php\/2025\/09\/05\/rinascimento-privato\/","title":{"rendered":"Rinascimento privato"},"content":{"rendered":"<p>Meditato per vent&#8217;anni, Rinascimento privato \u00e8 il libro pi\u00f9 bello, pi\u00f9 intenso, pi\u00f9 &#8220;vissuto&#8221; di Maria Bellonci, originalissima personalit\u00e0 culturale e letteraria del Novecento italiano, fondatrice tra l&#8217;altro del prestigioso premio Strega. In queste pagine si racconta la vicenda di Isabella d&#8217;Este, divenuta marchesa di Mantova dopo il matrimonio con Francesco Gonzaga; non di una semplice per quanto raffinata biografia si tratta, per\u00f2, quanto di un vero e proprio romanzo: sia per la presenza di alcuni personaggi totalmente inventati &#8211; come Robert de la Pole, corrispondente del re d&#8217;Inghilterra e innamorato platonico di Isabella -, sia soprattutto per la qualit\u00e0 della scrittura, che sembra avvolgere in una sorta di abbagliante pulviscolo ogni figura e ogni fatto storico. Un libro denso e sontuoso, fatto di azione e meditazione, di passioni gridate e di silenzi, di storia e di destini. Protagonista assoluta \u00e8 lei, Isabella, che ormai alla soglia dei sessant&#8217;anni rievoca la propria vita da quando, sposa sedicenne, giunse a Mantova e in un periodo tra i pi\u00f9 tumultuosi e fulgidi della nostra storia, a cavallo tra Quattro e Cinquecento, resse le fila del piccolo stato costruendo attorno a s\u00e9 una corte di ineguagliato splendore.<\/p>\n","protected":false},"excerpt":{"rendered":"<p>Meditato per vent&#8217;anni, Rinascimento privato \u00e8 il libro pi\u00f9 bello, pi\u00f9 intenso, pi\u00f9 &#8220;vissuto&#8221; di Maria Bellonci, originalissima personalit\u00e0 culturale e letteraria del Novecento italiano, fondatrice tra l&#8217;altro del prestigioso premio Strega. In queste pagine si racconta la vicenda di Isabella d&#8217;Este, divenuta marchesa di Mantova dopo il matrimonio con Francesco Gonzaga; non di una [&hellip;]<\/p>\n","protected":false},"author":1,"featured_media":11297,"comment_status":"open","ping_status":"open","sticky":false,"template":"","format":"standard","meta":{"_acf_changed":false,"footnotes":""},"categories":[1],"tags":[],"class_list":["post-11296","post","type-post","status-publish","format-standard","has-post-thumbnail","hentry","category-ebook"],"acf":[],"_links":{"self":[{"href":"https:\/\/malamaur.it\/index.php\/wp-json\/wp\/v2\/posts\/11296","targetHints":{"allow":["GET"]}}],"collection":[{"href":"https:\/\/malamaur.it\/index.php\/wp-json\/wp\/v2\/posts"}],"about":[{"href":"https:\/\/malamaur.it\/index.php\/wp-json\/wp\/v2\/types\/post"}],"author":[{"embeddable":true,"href":"https:\/\/malamaur.it\/index.php\/wp-json\/wp\/v2\/users\/1"}],"replies":[{"embeddable":true,"href":"https:\/\/malamaur.it\/index.php\/wp-json\/wp\/v2\/comments?post=11296"}],"version-history":[{"count":0,"href":"https:\/\/malamaur.it\/index.php\/wp-json\/wp\/v2\/posts\/11296\/revisions"}],"wp:featuredmedia":[{"embeddable":true,"href":"https:\/\/malamaur.it\/index.php\/wp-json\/wp\/v2\/media\/11297"}],"wp:attachment":[{"href":"https:\/\/malamaur.it\/index.php\/wp-json\/wp\/v2\/media?parent=11296"}],"wp:term":[{"taxonomy":"category","embeddable":true,"href":"https:\/\/malamaur.it\/index.php\/wp-json\/wp\/v2\/categories?post=11296"},{"taxonomy":"post_tag","embeddable":true,"href":"https:\/\/malamaur.it\/index.php\/wp-json\/wp\/v2\/tags?post=11296"}],"curies":[{"name":"wp","href":"https:\/\/api.w.org\/{rel}","templated":true}]}}