{"id":11392,"date":"2025-09-05T14:14:04","date_gmt":"2025-09-05T12:14:04","guid":{"rendered":"https:\/\/malamaur.it\/index.php\/2025\/09\/05\/la-nostra-guerra\/"},"modified":"2025-09-05T14:14:04","modified_gmt":"2025-09-05T12:14:04","slug":"la-nostra-guerra","status":"publish","type":"post","link":"https:\/\/malamaur.it\/index.php\/2025\/09\/05\/la-nostra-guerra\/","title":{"rendered":"La nostra guerra"},"content":{"rendered":"<p>Nel 1942 l&#8217;Italia fascista, fino a quel momento neutrale, si schiera con gli Alleati nel conflitto contro il Terzo Reich. In questo scenario storico, vertiginoso ma raccontato con impressionante realismo, il dodicenne Lorenzo Pellegrini passa dalla rassicurante vita borghese &#8211; comprensiva di studi ginnasiali, adunate balilla e vacanze a Riccione &#8211; alla dura esperienza della vita da sfollato. Nel Borgo che accoglie la sua famiglia, autentico spicchio dell&#8217;Italia pi\u00f9 verace e conformista, Lorenzo si lascia l&#8217;infanzia alle spalle: \u00e8 testimone della distanza che si crea fra i suoi genitori allorch\u00e9 la madre comincia a lavorare, partecipa come avanguardista alla vita della Nazione in guerra, e combatte in prima persona le battaglie fra ragazzini sullo sfondo di quelle, affascinanti e terribili, degli adulti. Passare indenne attraverso i bombardamenti e le esperienze iniziatiche della prima adolescenza sar\u00e0 la sua pi\u00f9 grande vittoria. &#8220;La nostra guerra&#8221; ha il registro agrodolce dei classici della cinematografia nostrana, da &#8220;Tutti a casa&#8221; a &#8220;Il Federale&#8221;, coniugato a una verve narrativa in grado di produrre il primo kolossal sulla (fanta)storia d&#8217;Italia. Dopo &#8220;L&#8217;inattesa piega degli eventi&#8221;, \u00e8 il secondo capitolo della saga che Enrico Brizzi ambienta nell&#8217;Italia del XX secolo. Un&#8217;Italia immaginaria, beninteso, ma fra una risata e un sospiro capita spesso di domandarsi se questa stralunata Nazione in camicia nera non rispecchi tratti, fascinazioni e difetti inemendabili del nostro Paese.<\/p>\n","protected":false},"excerpt":{"rendered":"<p>Nel 1942 l&#8217;Italia fascista, fino a quel momento neutrale, si schiera con gli Alleati nel conflitto contro il Terzo Reich. In questo scenario storico, vertiginoso ma raccontato con impressionante realismo, il dodicenne Lorenzo Pellegrini passa dalla rassicurante vita borghese &#8211; comprensiva di studi ginnasiali, adunate balilla e vacanze a Riccione &#8211; alla dura esperienza della [&hellip;]<\/p>\n","protected":false},"author":1,"featured_media":11393,"comment_status":"open","ping_status":"open","sticky":false,"template":"","format":"standard","meta":{"_acf_changed":false,"footnotes":""},"categories":[1],"tags":[],"class_list":["post-11392","post","type-post","status-publish","format-standard","has-post-thumbnail","hentry","category-ebook"],"acf":[],"_links":{"self":[{"href":"https:\/\/malamaur.it\/index.php\/wp-json\/wp\/v2\/posts\/11392","targetHints":{"allow":["GET"]}}],"collection":[{"href":"https:\/\/malamaur.it\/index.php\/wp-json\/wp\/v2\/posts"}],"about":[{"href":"https:\/\/malamaur.it\/index.php\/wp-json\/wp\/v2\/types\/post"}],"author":[{"embeddable":true,"href":"https:\/\/malamaur.it\/index.php\/wp-json\/wp\/v2\/users\/1"}],"replies":[{"embeddable":true,"href":"https:\/\/malamaur.it\/index.php\/wp-json\/wp\/v2\/comments?post=11392"}],"version-history":[{"count":0,"href":"https:\/\/malamaur.it\/index.php\/wp-json\/wp\/v2\/posts\/11392\/revisions"}],"wp:featuredmedia":[{"embeddable":true,"href":"https:\/\/malamaur.it\/index.php\/wp-json\/wp\/v2\/media\/11393"}],"wp:attachment":[{"href":"https:\/\/malamaur.it\/index.php\/wp-json\/wp\/v2\/media?parent=11392"}],"wp:term":[{"taxonomy":"category","embeddable":true,"href":"https:\/\/malamaur.it\/index.php\/wp-json\/wp\/v2\/categories?post=11392"},{"taxonomy":"post_tag","embeddable":true,"href":"https:\/\/malamaur.it\/index.php\/wp-json\/wp\/v2\/tags?post=11392"}],"curies":[{"name":"wp","href":"https:\/\/api.w.org\/{rel}","templated":true}]}}