{"id":11424,"date":"2025-09-05T14:14:11","date_gmt":"2025-09-05T12:14:11","guid":{"rendered":"https:\/\/malamaur.it\/index.php\/2025\/09\/05\/oltretorrente\/"},"modified":"2025-09-05T14:14:11","modified_gmt":"2025-09-05T12:14:11","slug":"oltretorrente","status":"publish","type":"post","link":"https:\/\/malamaur.it\/index.php\/2025\/09\/05\/oltretorrente\/","title":{"rendered":"Oltretorrente"},"content":{"rendered":"<p>\u201cPer la prima volta, il Fascismo si trova ad affrontare un nemico agguerrito e organizzato, armato e ben equipaggiato, nonch\u00e9 deciso a resistere a oltranza.\u201d Cos\u00ec scrive Italo Balbo. \u00c8 il 4 agosto del 1922. Il popolo di Parma, la gente di Oltretorrente, si \u00e8 preparata a resistere. Alla testa degli Arditi del Popolo c\u2019\u00e8 Guido Picelli, memorabile figura di militante e di melomane. Picelli e Balbo, il mito socialista e il camerata fascista, rivivono nei ricordi di un vecchio Ardito il giorno dei funerali di Mario Lupo nel 1972 quando, mezzo secolo dopo, lo scontro fra sinistra extraparlamentare e neofascisti riconduce quasi naturalmente agli avvenimenti di cinquant\u2019anni prima. E cos\u00ec, ecco affiorare, fra leggenda e mito, l\u2019\u201cinstancabile Picelli\u201d, eletto deputato socialista dai borghi dell\u2019Oltretorrente per farlo uscire dalla galera, loggionista appassionato, impeccabile nel vestire. Lui sa bene che i raid fascisti, se hanno piegato la Romagna, potranno trovare una salda resistenza nella sua Parma. Italo Balbo, capo istintivo, trascinatore di masse (e perci\u00f2 sempre pi\u00f9 sospetto agli occhi di Benito Mussolini) succede a Roberto Farinacci nella conduzione delle operazioni, coinvolge l\u2019esercito e vuole una battaglia definitiva, combattuta con ogni mezzo lecito e illecito. Picelli e Balbo emergono via via in tutto il loro spessore psicologico mentre la scena si apre, epicamente, sulle barricate, sul concorso attivo della popolazione, sulle donne che prendono parte alla lotta, su un popolo capace di essere un popolo..<\/p>\n","protected":false},"excerpt":{"rendered":"<p>\u201cPer la prima volta, il Fascismo si trova ad affrontare un nemico agguerrito e organizzato, armato e ben equipaggiato, nonch\u00e9 deciso a resistere a oltranza.\u201d Cos\u00ec scrive Italo Balbo. \u00c8 il 4 agosto del 1922. Il popolo di Parma, la gente di Oltretorrente, si \u00e8 preparata a resistere. Alla testa degli Arditi del Popolo c\u2019\u00e8 [&hellip;]<\/p>\n","protected":false},"author":1,"featured_media":11425,"comment_status":"open","ping_status":"open","sticky":false,"template":"","format":"standard","meta":{"_acf_changed":false,"footnotes":""},"categories":[1],"tags":[],"class_list":["post-11424","post","type-post","status-publish","format-standard","has-post-thumbnail","hentry","category-ebook"],"acf":[],"_links":{"self":[{"href":"https:\/\/malamaur.it\/index.php\/wp-json\/wp\/v2\/posts\/11424","targetHints":{"allow":["GET"]}}],"collection":[{"href":"https:\/\/malamaur.it\/index.php\/wp-json\/wp\/v2\/posts"}],"about":[{"href":"https:\/\/malamaur.it\/index.php\/wp-json\/wp\/v2\/types\/post"}],"author":[{"embeddable":true,"href":"https:\/\/malamaur.it\/index.php\/wp-json\/wp\/v2\/users\/1"}],"replies":[{"embeddable":true,"href":"https:\/\/malamaur.it\/index.php\/wp-json\/wp\/v2\/comments?post=11424"}],"version-history":[{"count":0,"href":"https:\/\/malamaur.it\/index.php\/wp-json\/wp\/v2\/posts\/11424\/revisions"}],"wp:featuredmedia":[{"embeddable":true,"href":"https:\/\/malamaur.it\/index.php\/wp-json\/wp\/v2\/media\/11425"}],"wp:attachment":[{"href":"https:\/\/malamaur.it\/index.php\/wp-json\/wp\/v2\/media?parent=11424"}],"wp:term":[{"taxonomy":"category","embeddable":true,"href":"https:\/\/malamaur.it\/index.php\/wp-json\/wp\/v2\/categories?post=11424"},{"taxonomy":"post_tag","embeddable":true,"href":"https:\/\/malamaur.it\/index.php\/wp-json\/wp\/v2\/tags?post=11424"}],"curies":[{"name":"wp","href":"https:\/\/api.w.org\/{rel}","templated":true}]}}