{"id":11542,"date":"2025-09-05T14:14:36","date_gmt":"2025-09-05T12:14:36","guid":{"rendered":"https:\/\/malamaur.it\/index.php\/2025\/09\/05\/la-verita-di-agamennone\/"},"modified":"2025-09-05T14:14:36","modified_gmt":"2025-09-05T12:14:36","slug":"la-verita-di-agamennone","status":"publish","type":"post","link":"https:\/\/malamaur.it\/index.php\/2025\/09\/05\/la-verita-di-agamennone\/","title":{"rendered":"La verit\u00e0 di Agamennone"},"content":{"rendered":"<p>Autobiografia sentimentale e intellettuale, &#8220;La verit\u00e0 di Agamennone&#8221; \u00e8 il libro di un narratore che qui, in bilico tra saggio e racconto, sconfessa l&#8217;idea di un unico, granitico punto di vista sulla realt\u00e0 per lasciare a chi legge l&#8217;onore e l&#8217;onere di comprenderla e decifrarla. Javier Cercas \u00e8 convinto infatti che quando uno scrittore si mette all&#8217;opera, non debba mai dimenticare che esistono pi\u00f9 verit\u00e0. \u00c8 in chiave soggettiva che vanno letti gli episodi raccontati. Che siano diari di viaggi in Messico o in Estremadura, terra natale dello scrittore, &#8220;lettere&#8221; in difesa della dignit\u00e0 del romanzo o analisi accurate sulle radici del presente o sul nazionalismo; che si tratti di scene della vita quotidiana dell&#8217;autore a confronto con le reazioni del figlio nel museo del giocattolo, per esempio, o del suo ricordo del 23 febbraio 1981, giorno del tentato golpe in Spagna; che sia il commovente incontro con Manuela Vitini, il cui padre e i due fratelli hanno combattuto per la libert\u00e0 durante la guerra civile e la resistenza, oppure l&#8217;affettuoso rimando ai suoi punti di riferimento ideali &#8211; Borges, Bioy Casares, Kafka -, o ancora l&#8217;intrigante racconto di epilogo da cui il libro prende il titolo, in tutti convivono con naturalezza quotidianit\u00e0 e letteratura, esperienza di vita e intellettuale.<\/p>\n","protected":false},"excerpt":{"rendered":"<p>Autobiografia sentimentale e intellettuale, &#8220;La verit\u00e0 di Agamennone&#8221; \u00e8 il libro di un narratore che qui, in bilico tra saggio e racconto, sconfessa l&#8217;idea di un unico, granitico punto di vista sulla realt\u00e0 per lasciare a chi legge l&#8217;onore e l&#8217;onere di comprenderla e decifrarla. Javier Cercas \u00e8 convinto infatti che quando uno scrittore si [&hellip;]<\/p>\n","protected":false},"author":1,"featured_media":11543,"comment_status":"open","ping_status":"open","sticky":false,"template":"","format":"standard","meta":{"_acf_changed":false,"footnotes":""},"categories":[1],"tags":[],"class_list":["post-11542","post","type-post","status-publish","format-standard","has-post-thumbnail","hentry","category-ebook"],"acf":[],"_links":{"self":[{"href":"https:\/\/malamaur.it\/index.php\/wp-json\/wp\/v2\/posts\/11542","targetHints":{"allow":["GET"]}}],"collection":[{"href":"https:\/\/malamaur.it\/index.php\/wp-json\/wp\/v2\/posts"}],"about":[{"href":"https:\/\/malamaur.it\/index.php\/wp-json\/wp\/v2\/types\/post"}],"author":[{"embeddable":true,"href":"https:\/\/malamaur.it\/index.php\/wp-json\/wp\/v2\/users\/1"}],"replies":[{"embeddable":true,"href":"https:\/\/malamaur.it\/index.php\/wp-json\/wp\/v2\/comments?post=11542"}],"version-history":[{"count":0,"href":"https:\/\/malamaur.it\/index.php\/wp-json\/wp\/v2\/posts\/11542\/revisions"}],"wp:featuredmedia":[{"embeddable":true,"href":"https:\/\/malamaur.it\/index.php\/wp-json\/wp\/v2\/media\/11543"}],"wp:attachment":[{"href":"https:\/\/malamaur.it\/index.php\/wp-json\/wp\/v2\/media?parent=11542"}],"wp:term":[{"taxonomy":"category","embeddable":true,"href":"https:\/\/malamaur.it\/index.php\/wp-json\/wp\/v2\/categories?post=11542"},{"taxonomy":"post_tag","embeddable":true,"href":"https:\/\/malamaur.it\/index.php\/wp-json\/wp\/v2\/tags?post=11542"}],"curies":[{"name":"wp","href":"https:\/\/api.w.org\/{rel}","templated":true}]}}