{"id":11556,"date":"2025-09-05T14:14:38","date_gmt":"2025-09-05T12:14:38","guid":{"rendered":"https:\/\/malamaur.it\/index.php\/2025\/09\/05\/la-ragazza-con-lorecchino-di-perla\/"},"modified":"2025-09-05T14:14:38","modified_gmt":"2025-09-05T12:14:38","slug":"la-ragazza-con-lorecchino-di-perla","status":"publish","type":"post","link":"https:\/\/malamaur.it\/index.php\/2025\/09\/05\/la-ragazza-con-lorecchino-di-perla\/","title":{"rendered":"La ragazza con l&#8217;orecchino di perla"},"content":{"rendered":"<p>Delft, XVII secolo, una casa nella zona protestante della citt\u00e0&#8230; Griet, la giovane figlia di uno dei decoratori di piastrelle pi\u00f9 rinomati di Delft &#8211; privato, per un incidente, &#8220;degli occhi e del lavoro&#8221; &#8211; \u00e8 in cucina quando ode voci decisamente insolite nella casa di un modesto decoratore&#8230; voci che suggeriscono &#8220;immagini di tappeti preziosi, libri, perle e pellicce&#8221;. Sull&#8217;uscio appaiono improvvisamente due figure: un uomo dagli occhi grigi come il mare e un&#8217;espressione ferma sul volto lungo e spigoloso, e una donna &#8211; piccoli ricci biondi, sguardo che guizza qua e l\u00e0 nervosamente &#8211; che sembra portata dal vento, bench\u00e9 la giornata sia calma. Sono Johannes Vermeer, il celebre pittore, e sua moglie Katharina, gente ricca e influente, proveniente da vicino, dal Quartiere dei Papisti, eppure lontanissima da Griet e dal suo mondo. Griet ha sedici anni e quel giorno apprende dalla voce della madre il suo destino: andr\u00e0 a servizio dei Vermeer per otto &#8216;stuiver&#8217; al giorno, dovr\u00e0 fare le pulizie nell&#8217;atelier del pittore, e dovr\u00e0 agire delicatamente, senza spostare n\u00e9 urtare nulla. Romanzo che ci conduce l\u00e0 dove l&#8217;arte \u00e8 divisa dai fantasmi della passione soltanto da una linea sottile: tra Vermeer e Griet, l&#8217;artista e la serva, l&#8217;amato e l&#8217;amante, l&#8217;uomo potente e la giovane donna che non possiede altro che il suo incanto e la sua innocenza, si stabilisce un&#8217;intensa relazione fatta di sguardi, sospiri, frasi dette e non dette. &#8220;La ragazza con l&#8217;orecchino di perla&#8221; ci offre anche alcune delle pagine pi\u00f9 felici, nella narrativa contemporanea, sulla dedizione e sul coraggio femminile.<br \/>\n(source: Anobii.com)<\/p>\n","protected":false},"excerpt":{"rendered":"<p>Delft, XVII secolo, una casa nella zona protestante della citt\u00e0&#8230; Griet, la giovane figlia di uno dei decoratori di piastrelle pi\u00f9 rinomati di Delft &#8211; privato, per un incidente, &#8220;degli occhi e del lavoro&#8221; &#8211; \u00e8 in cucina quando ode voci decisamente insolite nella casa di un modesto decoratore&#8230; voci che suggeriscono &#8220;immagini di tappeti [&hellip;]<\/p>\n","protected":false},"author":1,"featured_media":11557,"comment_status":"open","ping_status":"open","sticky":false,"template":"","format":"standard","meta":{"_acf_changed":false,"footnotes":""},"categories":[1],"tags":[],"class_list":["post-11556","post","type-post","status-publish","format-standard","has-post-thumbnail","hentry","category-ebook"],"acf":[],"_links":{"self":[{"href":"https:\/\/malamaur.it\/index.php\/wp-json\/wp\/v2\/posts\/11556","targetHints":{"allow":["GET"]}}],"collection":[{"href":"https:\/\/malamaur.it\/index.php\/wp-json\/wp\/v2\/posts"}],"about":[{"href":"https:\/\/malamaur.it\/index.php\/wp-json\/wp\/v2\/types\/post"}],"author":[{"embeddable":true,"href":"https:\/\/malamaur.it\/index.php\/wp-json\/wp\/v2\/users\/1"}],"replies":[{"embeddable":true,"href":"https:\/\/malamaur.it\/index.php\/wp-json\/wp\/v2\/comments?post=11556"}],"version-history":[{"count":0,"href":"https:\/\/malamaur.it\/index.php\/wp-json\/wp\/v2\/posts\/11556\/revisions"}],"wp:featuredmedia":[{"embeddable":true,"href":"https:\/\/malamaur.it\/index.php\/wp-json\/wp\/v2\/media\/11557"}],"wp:attachment":[{"href":"https:\/\/malamaur.it\/index.php\/wp-json\/wp\/v2\/media?parent=11556"}],"wp:term":[{"taxonomy":"category","embeddable":true,"href":"https:\/\/malamaur.it\/index.php\/wp-json\/wp\/v2\/categories?post=11556"},{"taxonomy":"post_tag","embeddable":true,"href":"https:\/\/malamaur.it\/index.php\/wp-json\/wp\/v2\/tags?post=11556"}],"curies":[{"name":"wp","href":"https:\/\/api.w.org\/{rel}","templated":true}]}}