{"id":11622,"date":"2025-09-05T14:14:51","date_gmt":"2025-09-05T12:14:51","guid":{"rendered":"https:\/\/malamaur.it\/index.php\/2025\/09\/05\/sulle-regole\/"},"modified":"2025-09-05T14:14:51","modified_gmt":"2025-09-05T12:14:51","slug":"sulle-regole","status":"publish","type":"post","link":"https:\/\/malamaur.it\/index.php\/2025\/09\/05\/sulle-regole\/","title":{"rendered":"Sulle regole"},"content":{"rendered":"<p>Quando parliamo di giustizia non parliamo solo della sua amministrazione quotidiana, quel complesso istituzionale che coinvolge i giudici, i tribunali, le corti, gli avvocati, i pubblici ministeri, le prigioni, le persone sul cui destino tutto ci\u00f2 incide il pi\u00f9 delle volte pesantemente. Parliamo anche di un punto di riferimento ideale, dei valori di base che guidano la nostra convivenza e a cui si ispira la distribuzione di diritti e doveri, opportunit\u00e0 e obblighi, libert\u00e0 e limiti. Se si smarrisce questo riferimento ideale, anche l\u2019amministrazione della giustizia soffre, perch\u00e9 resta priva di una bussola e di una direzione.Dopo pi\u00f9 di trent\u2019anni in magistratura e con all\u2019attivo decine di inchieste giudiziarie che hanno segnato la storia italiana recente, Gherardo Colombo consegna a questo libro la sua riflessione sulla cultura della giustizia e sul senso profondo delle regole. Senza rispetto delle regole, infatti, non potremmo vivere in societ\u00e0. Ma senza una discussione pubblica sulle ragioni delle regole, la vita in societ\u00e0 non potrebbe fare passi avanti, non saprebbe proiettarsi verso il futuro in modo dinamico, non riuscirebbe a immaginare nuovi diritti n\u00e9 a creare forme migliori di convivenza.\u00c8 per questo che la discussione sulle regole coinvolge per Colombo anche i modelli di societ\u00e0 a cui le regole si ispirano. Modelli verticali, basati sulla gerarchia, la competizione, la centralit\u00e0 della pena. E modelli orizzontali, pi\u00f9 rispettosi della persona, orientati al riconoscimento dell\u2019altro, capaci di sperimentare soluzioni alternative alla punizione e all\u2019esclusione. Una strada, quest\u2019ultima, tracciata proprio sessant\u2019anni fa dalla Dichiarazione universale dei diritti dell\u2019uomo e dalla Costituzione italiana..<\/p>\n","protected":false},"excerpt":{"rendered":"<p>Quando parliamo di giustizia non parliamo solo della sua amministrazione quotidiana, quel complesso istituzionale che coinvolge i giudici, i tribunali, le corti, gli avvocati, i pubblici ministeri, le prigioni, le persone sul cui destino tutto ci\u00f2 incide il pi\u00f9 delle volte pesantemente. Parliamo anche di un punto di riferimento ideale, dei valori di base che [&hellip;]<\/p>\n","protected":false},"author":1,"featured_media":11623,"comment_status":"open","ping_status":"open","sticky":false,"template":"","format":"standard","meta":{"_acf_changed":false,"footnotes":""},"categories":[1],"tags":[],"class_list":["post-11622","post","type-post","status-publish","format-standard","has-post-thumbnail","hentry","category-ebook"],"acf":[],"_links":{"self":[{"href":"https:\/\/malamaur.it\/index.php\/wp-json\/wp\/v2\/posts\/11622","targetHints":{"allow":["GET"]}}],"collection":[{"href":"https:\/\/malamaur.it\/index.php\/wp-json\/wp\/v2\/posts"}],"about":[{"href":"https:\/\/malamaur.it\/index.php\/wp-json\/wp\/v2\/types\/post"}],"author":[{"embeddable":true,"href":"https:\/\/malamaur.it\/index.php\/wp-json\/wp\/v2\/users\/1"}],"replies":[{"embeddable":true,"href":"https:\/\/malamaur.it\/index.php\/wp-json\/wp\/v2\/comments?post=11622"}],"version-history":[{"count":0,"href":"https:\/\/malamaur.it\/index.php\/wp-json\/wp\/v2\/posts\/11622\/revisions"}],"wp:featuredmedia":[{"embeddable":true,"href":"https:\/\/malamaur.it\/index.php\/wp-json\/wp\/v2\/media\/11623"}],"wp:attachment":[{"href":"https:\/\/malamaur.it\/index.php\/wp-json\/wp\/v2\/media?parent=11622"}],"wp:term":[{"taxonomy":"category","embeddable":true,"href":"https:\/\/malamaur.it\/index.php\/wp-json\/wp\/v2\/categories?post=11622"},{"taxonomy":"post_tag","embeddable":true,"href":"https:\/\/malamaur.it\/index.php\/wp-json\/wp\/v2\/tags?post=11622"}],"curies":[{"name":"wp","href":"https:\/\/api.w.org\/{rel}","templated":true}]}}