{"id":11718,"date":"2025-09-05T14:15:13","date_gmt":"2025-09-05T12:15:13","guid":{"rendered":"https:\/\/malamaur.it\/index.php\/2025\/09\/05\/la-ragazza-dai-capelli-di-fiamma\/"},"modified":"2025-09-05T14:15:13","modified_gmt":"2025-09-05T12:15:13","slug":"la-ragazza-dai-capelli-di-fiamma","status":"publish","type":"post","link":"https:\/\/malamaur.it\/index.php\/2025\/09\/05\/la-ragazza-dai-capelli-di-fiamma\/","title":{"rendered":"La ragazza dai capelli di fiamma"},"content":{"rendered":"<p>Buenos Aires, 2001. Perla Correa \u00e8 sempre riuscita a ingannare tutti quelli che la circondano. Ogni mattina si sveglia e lucida la sua superficie di studentessa modello, bella ragazza radiosa, irreprensibile figlia di buona famiglia. Sua madre \u00e8 avvolta di bellezza e foulard importati e suo padre \u00e8 un uomo forte e fiero nella sua uniforme militare perfettamente stirata. Perla \u00e8 sempre stata considerata molto fortunata ad averli come genitori. Eppure questa \u00e8 solo una maschera che la ragazza indossa per nascondere il dubbio che le si agita dentro, e sul quale invano tenta di chiudere gli occhi. Un dubbio che si nutre di mezze frasi delle compagne di classe, sguardi impauriti dei vicini, libri di storia sui &#8220;desaparecidos&#8221; che suo padre le ha tassativamente proibito di leggere. Ma una notte, mentre \u00e8 sola in casa, un uomo entra nel suo salotto. Sembra solo, disperato e affamato. \u00c8 l\u00ec per raccontarle una storia. Una storia che narra di due ragazzi giovani che si amavano, di pesanti stivali neri che sfondano la porta di casa, di un carcere senza scampo e di un ultimo volo sul Rio de La Plata. E che incendia la vita perfetta di Perla riducendola in fumo. Inizia cos\u00ec un viaggio che la costringe a confrontarsi con la vera s\u00e9 stessa e con la storia pi\u00f9 dolorosa del suo paese. Dove solo il fuoco del coraggio che ha sempre nascosto tra le pieghe di una falsa tranquillit\u00e0 l&#8217;aiuter\u00e0 a rinascere una seconda volta dalle sue ceneri.<br \/>\n(source: Anobii.com)<\/p>\n","protected":false},"excerpt":{"rendered":"<p>Buenos Aires, 2001. Perla Correa \u00e8 sempre riuscita a ingannare tutti quelli che la circondano. Ogni mattina si sveglia e lucida la sua superficie di studentessa modello, bella ragazza radiosa, irreprensibile figlia di buona famiglia. Sua madre \u00e8 avvolta di bellezza e foulard importati e suo padre \u00e8 un uomo forte e fiero nella sua [&hellip;]<\/p>\n","protected":false},"author":1,"featured_media":11719,"comment_status":"open","ping_status":"open","sticky":false,"template":"","format":"standard","meta":{"_acf_changed":false,"footnotes":""},"categories":[1],"tags":[],"class_list":["post-11718","post","type-post","status-publish","format-standard","has-post-thumbnail","hentry","category-ebook"],"acf":[],"_links":{"self":[{"href":"https:\/\/malamaur.it\/index.php\/wp-json\/wp\/v2\/posts\/11718","targetHints":{"allow":["GET"]}}],"collection":[{"href":"https:\/\/malamaur.it\/index.php\/wp-json\/wp\/v2\/posts"}],"about":[{"href":"https:\/\/malamaur.it\/index.php\/wp-json\/wp\/v2\/types\/post"}],"author":[{"embeddable":true,"href":"https:\/\/malamaur.it\/index.php\/wp-json\/wp\/v2\/users\/1"}],"replies":[{"embeddable":true,"href":"https:\/\/malamaur.it\/index.php\/wp-json\/wp\/v2\/comments?post=11718"}],"version-history":[{"count":0,"href":"https:\/\/malamaur.it\/index.php\/wp-json\/wp\/v2\/posts\/11718\/revisions"}],"wp:featuredmedia":[{"embeddable":true,"href":"https:\/\/malamaur.it\/index.php\/wp-json\/wp\/v2\/media\/11719"}],"wp:attachment":[{"href":"https:\/\/malamaur.it\/index.php\/wp-json\/wp\/v2\/media?parent=11718"}],"wp:term":[{"taxonomy":"category","embeddable":true,"href":"https:\/\/malamaur.it\/index.php\/wp-json\/wp\/v2\/categories?post=11718"},{"taxonomy":"post_tag","embeddable":true,"href":"https:\/\/malamaur.it\/index.php\/wp-json\/wp\/v2\/tags?post=11718"}],"curies":[{"name":"wp","href":"https:\/\/api.w.org\/{rel}","templated":true}]}}