{"id":11748,"date":"2025-09-05T14:15:22","date_gmt":"2025-09-05T12:15:22","guid":{"rendered":"https:\/\/malamaur.it\/index.php\/2025\/09\/05\/se-auschwitz-e-nulla-contro-il-negazionismo\/"},"modified":"2025-09-05T14:15:22","modified_gmt":"2025-09-05T12:15:22","slug":"se-auschwitz-e-nulla-contro-il-negazionismo","status":"publish","type":"post","link":"https:\/\/malamaur.it\/index.php\/2025\/09\/05\/se-auschwitz-e-nulla-contro-il-negazionismo\/","title":{"rendered":"Se Auschwitz \u00e8 nulla. Contro il negazionismo"},"content":{"rendered":"<p>Chi sono i negazionisti? Perch\u00e9 negano che le camere a gas siano mai esistite? Qual \u00e8 l&#8217;intento che hanno di mira? Questo libro offre una prima riflessione politica e filosofica su un fenomeno, di dimensioni internazionali, radicato e diffuso anche in Italia, dove gli adepti del negazionismo sono andati costruendo il luogo della loro negazione nell&#8217;ombra propizia degli ultimi decenni. Di qui rivendicano il diritto di poter negare lo sterminio degli ebrei d&#8217;Europa attraverso libri, periodici, siti web, e avvalendosi non di rado anche di una cattedra. Ma il negazionismo \u00e8 un&#8217;opinione come un&#8217;altra? Il nesso di complicit\u00e0 tra annientamento e negazione rende problematico il concetto di opinione. I profanatori della cenere perseguono la &#8220;verit\u00e0&#8221; di Hitler, ne vogliono portare a termine il progetto politico. Attraversando le bassure della negazione, dai nuovi hitleriani fino a Mahmoud Ahmadinejad, emerge la minaccia di una negazione che non si limita al passato, ma vorrebbe reiterarsi nel futuro. E in tale contesto che va ripensata la &#8220;singolarit\u00e0&#8221; di Auschwitz.<\/p>\n","protected":false},"excerpt":{"rendered":"<p>Chi sono i negazionisti? Perch\u00e9 negano che le camere a gas siano mai esistite? Qual \u00e8 l&#8217;intento che hanno di mira? Questo libro offre una prima riflessione politica e filosofica su un fenomeno, di dimensioni internazionali, radicato e diffuso anche in Italia, dove gli adepti del negazionismo sono andati costruendo il luogo della loro negazione [&hellip;]<\/p>\n","protected":false},"author":1,"featured_media":11749,"comment_status":"open","ping_status":"open","sticky":false,"template":"","format":"standard","meta":{"_acf_changed":false,"footnotes":""},"categories":[1],"tags":[],"class_list":["post-11748","post","type-post","status-publish","format-standard","has-post-thumbnail","hentry","category-ebook"],"acf":[],"_links":{"self":[{"href":"https:\/\/malamaur.it\/index.php\/wp-json\/wp\/v2\/posts\/11748","targetHints":{"allow":["GET"]}}],"collection":[{"href":"https:\/\/malamaur.it\/index.php\/wp-json\/wp\/v2\/posts"}],"about":[{"href":"https:\/\/malamaur.it\/index.php\/wp-json\/wp\/v2\/types\/post"}],"author":[{"embeddable":true,"href":"https:\/\/malamaur.it\/index.php\/wp-json\/wp\/v2\/users\/1"}],"replies":[{"embeddable":true,"href":"https:\/\/malamaur.it\/index.php\/wp-json\/wp\/v2\/comments?post=11748"}],"version-history":[{"count":0,"href":"https:\/\/malamaur.it\/index.php\/wp-json\/wp\/v2\/posts\/11748\/revisions"}],"wp:featuredmedia":[{"embeddable":true,"href":"https:\/\/malamaur.it\/index.php\/wp-json\/wp\/v2\/media\/11749"}],"wp:attachment":[{"href":"https:\/\/malamaur.it\/index.php\/wp-json\/wp\/v2\/media?parent=11748"}],"wp:term":[{"taxonomy":"category","embeddable":true,"href":"https:\/\/malamaur.it\/index.php\/wp-json\/wp\/v2\/categories?post=11748"},{"taxonomy":"post_tag","embeddable":true,"href":"https:\/\/malamaur.it\/index.php\/wp-json\/wp\/v2\/tags?post=11748"}],"curies":[{"name":"wp","href":"https:\/\/api.w.org\/{rel}","templated":true}]}}