{"id":11756,"date":"2025-09-05T14:15:24","date_gmt":"2025-09-05T12:15:24","guid":{"rendered":"https:\/\/malamaur.it\/index.php\/2025\/09\/05\/la-catastrofa-marcinelle-8-agosto-1956\/"},"modified":"2025-09-05T14:15:24","modified_gmt":"2025-09-05T12:15:24","slug":"la-catastrofa-marcinelle-8-agosto-1956","status":"publish","type":"post","link":"https:\/\/malamaur.it\/index.php\/2025\/09\/05\/la-catastrofa-marcinelle-8-agosto-1956\/","title":{"rendered":"La catastr\u00f2fa &#8211; Marcinelle 8 agosto 1956"},"content":{"rendered":"<p>&#8220;Ma alla fine abbiamo mandato gi\u00f9 pap\u00e0 al cimitero, mentre noi abbiamo rimasto qui in Belgio e non ce l&#8217;ho mai domandato alla mamma, che ora ha novantasei anni, perch\u00e9 ha voluto prendere questa decisione di non muoversi pi\u00f9 dal Belgio&#8221;. Il messaggio pi\u00f9 scomodo che viene, in queste pagine, dalle parole dei superstiti \u00e8 che essi furono e si sentirono orfani non solo della miniera ma, una seconda volta, orfani della patria. Marcinelle, Belgio, 8 agosto 1956, la Catastr\u00f2fa (nell&#8217;espressione met\u00e0 dialetto met\u00e0 francese) \u00e8 l&#8217;incendio scoppiato a 975 metri sottoterra in una miniera del distretto carbonifero di Charleroi. 262 morti, 136 immigrati italiani, caduti per un banale accidente ma uccisi soprattutto dall&#8217;imprevidenza premeditata, dalla mancanza di misure protettive e dalla disorganizzazione. Al di fuori delle celebrazioni rituali, la tragedia di Marcinelle \u00e8 caduta in un colpevole oblio: questo libro la racconta, riportando alla memoria l&#8217;epica spesso dolorosa della nostra emigrazione. Una sorta di romanzo-verit\u00e0, a mezzo secolo di distanza, che non usa altre parole se non quelle ricche di fervore delle vittime e quelle avare dei documenti ufficiali di raggelante insensibilit\u00e0.<\/p>\n","protected":false},"excerpt":{"rendered":"<p>&#8220;Ma alla fine abbiamo mandato gi\u00f9 pap\u00e0 al cimitero, mentre noi abbiamo rimasto qui in Belgio e non ce l&#8217;ho mai domandato alla mamma, che ora ha novantasei anni, perch\u00e9 ha voluto prendere questa decisione di non muoversi pi\u00f9 dal Belgio&#8221;. Il messaggio pi\u00f9 scomodo che viene, in queste pagine, dalle parole dei superstiti \u00e8 [&hellip;]<\/p>\n","protected":false},"author":1,"featured_media":11757,"comment_status":"open","ping_status":"open","sticky":false,"template":"","format":"standard","meta":{"_acf_changed":false,"footnotes":""},"categories":[1],"tags":[],"class_list":["post-11756","post","type-post","status-publish","format-standard","has-post-thumbnail","hentry","category-ebook"],"acf":[],"_links":{"self":[{"href":"https:\/\/malamaur.it\/index.php\/wp-json\/wp\/v2\/posts\/11756","targetHints":{"allow":["GET"]}}],"collection":[{"href":"https:\/\/malamaur.it\/index.php\/wp-json\/wp\/v2\/posts"}],"about":[{"href":"https:\/\/malamaur.it\/index.php\/wp-json\/wp\/v2\/types\/post"}],"author":[{"embeddable":true,"href":"https:\/\/malamaur.it\/index.php\/wp-json\/wp\/v2\/users\/1"}],"replies":[{"embeddable":true,"href":"https:\/\/malamaur.it\/index.php\/wp-json\/wp\/v2\/comments?post=11756"}],"version-history":[{"count":0,"href":"https:\/\/malamaur.it\/index.php\/wp-json\/wp\/v2\/posts\/11756\/revisions"}],"wp:featuredmedia":[{"embeddable":true,"href":"https:\/\/malamaur.it\/index.php\/wp-json\/wp\/v2\/media\/11757"}],"wp:attachment":[{"href":"https:\/\/malamaur.it\/index.php\/wp-json\/wp\/v2\/media?parent=11756"}],"wp:term":[{"taxonomy":"category","embeddable":true,"href":"https:\/\/malamaur.it\/index.php\/wp-json\/wp\/v2\/categories?post=11756"},{"taxonomy":"post_tag","embeddable":true,"href":"https:\/\/malamaur.it\/index.php\/wp-json\/wp\/v2\/tags?post=11756"}],"curies":[{"name":"wp","href":"https:\/\/api.w.org\/{rel}","templated":true}]}}