{"id":11820,"date":"2025-09-05T14:15:39","date_gmt":"2025-09-05T12:15:39","guid":{"rendered":"https:\/\/malamaur.it\/index.php\/2025\/09\/05\/la-rabbia-e-lorgoglio\/"},"modified":"2025-09-05T14:15:39","modified_gmt":"2025-09-05T12:15:39","slug":"la-rabbia-e-lorgoglio","status":"publish","type":"post","link":"https:\/\/malamaur.it\/index.php\/2025\/09\/05\/la-rabbia-e-lorgoglio\/","title":{"rendered":"La rabbia e l&#8217;orgoglio"},"content":{"rendered":"<p>Con &#8216;La Rabbia e L&#8217;Orgoglio&#8217; Oriana Fallaci rompe un silenzio durato dieci anni. Lo rompe prendendo spunto dall&#8217;apocalisse che la mattina dell&#8217;11 ssettembre 2001, non molto lontano dalla sua casa di Manhattan, disintegr\u00f2 le due Torri di New York e incener\u00ec migliaia di creature. Preceduto dal clamore che la parte pubblicata dai giornali in Italia e all&#8217;estero suscit\u00f2 diciotto giorni dopo l&#8217;immane tragedia, il libro si presenta finalmente nella sua versione integrale. Vale a dire col suo testo completo e non quello che allora, data l&#8217;eccesiva lunghezza, la Fallaci ridusse a poco pi\u00f9 della met\u00e0. Si presenta inoltree arricchito da una drammatica prefazione dove la Fallaci spiega come esso nacque e dove, spiegando perch\u00e9 il terrorismo islamico non si coclude con la sconfitta dei talebani in Afghanistan, descrive la realt\u00e0 globale della Guerra Santa. Una prefazione infine, dove cogliendoci di sorpresa parla anche di s\u00e9 stessa: del suo lavoro, del suo ermetico isolamento, delle sue scelte rigorose e spietate. Spesso inserendo memorie personali, episodi illuminanti della sua vita, nel testo parla invece dei temi legati all&#8217;11 settembre 2001: l&#8217;America, l&#8217;Italia, l&#8217;Europa, l&#8217;Islam, noi. Soprattutto di noi. Col suo noto coraggio lancia accuse durissime, scaglia furibonde invettive. Con la sua brutale sincerit\u00e0 espone le lucide idee e le passioni, le scomode verit\u00e0 e le riflessioni su cui in questi anni di caparbio silenzio aveva voluto tacere. Ci\u00f2 che nella prefazione la Fallaci definisce &#8220;piccolo libro&#8221; \u00e8 in realt\u00e0 un grande libro. Un libro prezioso, un libro che scuote le coscienze, anzi le sconvolge. Ma \u00e8 anche il ritratto di un&#8217;anima. La sua anima. Rester\u00e0 dentro di noi come una spina nel cervello e nel cuore.<br \/>\n**<\/p>\n","protected":false},"excerpt":{"rendered":"<p>Con &#8216;La Rabbia e L&#8217;Orgoglio&#8217; Oriana Fallaci rompe un silenzio durato dieci anni. Lo rompe prendendo spunto dall&#8217;apocalisse che la mattina dell&#8217;11 ssettembre 2001, non molto lontano dalla sua casa di Manhattan, disintegr\u00f2 le due Torri di New York e incener\u00ec migliaia di creature. Preceduto dal clamore che la parte pubblicata dai giornali in Italia [&hellip;]<\/p>\n","protected":false},"author":1,"featured_media":11821,"comment_status":"open","ping_status":"open","sticky":false,"template":"","format":"standard","meta":{"_acf_changed":false,"footnotes":""},"categories":[1],"tags":[],"class_list":["post-11820","post","type-post","status-publish","format-standard","has-post-thumbnail","hentry","category-ebook"],"acf":[],"_links":{"self":[{"href":"https:\/\/malamaur.it\/index.php\/wp-json\/wp\/v2\/posts\/11820","targetHints":{"allow":["GET"]}}],"collection":[{"href":"https:\/\/malamaur.it\/index.php\/wp-json\/wp\/v2\/posts"}],"about":[{"href":"https:\/\/malamaur.it\/index.php\/wp-json\/wp\/v2\/types\/post"}],"author":[{"embeddable":true,"href":"https:\/\/malamaur.it\/index.php\/wp-json\/wp\/v2\/users\/1"}],"replies":[{"embeddable":true,"href":"https:\/\/malamaur.it\/index.php\/wp-json\/wp\/v2\/comments?post=11820"}],"version-history":[{"count":0,"href":"https:\/\/malamaur.it\/index.php\/wp-json\/wp\/v2\/posts\/11820\/revisions"}],"wp:featuredmedia":[{"embeddable":true,"href":"https:\/\/malamaur.it\/index.php\/wp-json\/wp\/v2\/media\/11821"}],"wp:attachment":[{"href":"https:\/\/malamaur.it\/index.php\/wp-json\/wp\/v2\/media?parent=11820"}],"wp:term":[{"taxonomy":"category","embeddable":true,"href":"https:\/\/malamaur.it\/index.php\/wp-json\/wp\/v2\/categories?post=11820"},{"taxonomy":"post_tag","embeddable":true,"href":"https:\/\/malamaur.it\/index.php\/wp-json\/wp\/v2\/tags?post=11820"}],"curies":[{"name":"wp","href":"https:\/\/api.w.org\/{rel}","templated":true}]}}