{"id":11848,"date":"2025-09-05T14:15:44","date_gmt":"2025-09-05T12:15:44","guid":{"rendered":"https:\/\/malamaur.it\/index.php\/2025\/09\/05\/le-favole\/"},"modified":"2025-09-05T14:15:44","modified_gmt":"2025-09-05T12:15:44","slug":"le-favole","status":"publish","type":"post","link":"https:\/\/malamaur.it\/index.php\/2025\/09\/05\/le-favole\/","title":{"rendered":"Le favole"},"content":{"rendered":"<p>Esopo ha inventato la favola, ma \u00e8 stato Fedro ad affinarla, a imporle le leggi del metro, a conferirle la dignit\u00e0 del verso consegnandola ai fasti della letteratura. Per Fedro la favola \u00e8 un mezzo d\u2019espressione che consente, a chi \u00e8 schiavo o liberto come lui, di dire la verit\u00e0 ammantandola sotto la copertura di un traslato. La sua \u00e8 una morale acre, cupamente rassegnata alla sconfitta sociale, pervasa da un pessimismo amaro. Osteggiato in vita, Fedro fu quasi del tutto ignorato anche dopo la morte: scrivendo della favola, tanto Seneca quanto Quintiliano tacciono ostinatamente il suo nome, riscoperto solo molto pi\u00f9 tardi dietro l\u2019ombra troppo ingombrante del pi\u00f9 celebre Esopo.<br \/>\n\u00abGiove ci butt\u00f2 addosso due bisacce; una, piena<br \/>\ndei nostri vizi, l\u2019adatt\u00f2 sulle spalle, l\u2019altra,<br \/>\npesante dei vizi altrui, davanti al petto. E noi,<br \/>\nper questo, non possiamo vedere i nostri errori;<br \/>\nquando gli altri sgarrano diventiamo censori.\u00bb<br \/>\nFedro<br \/>\nnacque in Grecia intorno al 20 a.C. Liberto di Augusto, visse a Roma. Fu perseguitato sotto Tiberio e fatto processare da Seiano, che si vide satireggiato in alcune favole. Mor\u00ec a Roma verso il 50 d.C.<\/p>\n","protected":false},"excerpt":{"rendered":"<p>Esopo ha inventato la favola, ma \u00e8 stato Fedro ad affinarla, a imporle le leggi del metro, a conferirle la dignit\u00e0 del verso consegnandola ai fasti della letteratura. Per Fedro la favola \u00e8 un mezzo d\u2019espressione che consente, a chi \u00e8 schiavo o liberto come lui, di dire la verit\u00e0 ammantandola sotto la copertura di [&hellip;]<\/p>\n","protected":false},"author":1,"featured_media":11849,"comment_status":"open","ping_status":"open","sticky":false,"template":"","format":"standard","meta":{"_acf_changed":false,"footnotes":""},"categories":[1],"tags":[],"class_list":["post-11848","post","type-post","status-publish","format-standard","has-post-thumbnail","hentry","category-ebook"],"acf":[],"_links":{"self":[{"href":"https:\/\/malamaur.it\/index.php\/wp-json\/wp\/v2\/posts\/11848","targetHints":{"allow":["GET"]}}],"collection":[{"href":"https:\/\/malamaur.it\/index.php\/wp-json\/wp\/v2\/posts"}],"about":[{"href":"https:\/\/malamaur.it\/index.php\/wp-json\/wp\/v2\/types\/post"}],"author":[{"embeddable":true,"href":"https:\/\/malamaur.it\/index.php\/wp-json\/wp\/v2\/users\/1"}],"replies":[{"embeddable":true,"href":"https:\/\/malamaur.it\/index.php\/wp-json\/wp\/v2\/comments?post=11848"}],"version-history":[{"count":0,"href":"https:\/\/malamaur.it\/index.php\/wp-json\/wp\/v2\/posts\/11848\/revisions"}],"wp:featuredmedia":[{"embeddable":true,"href":"https:\/\/malamaur.it\/index.php\/wp-json\/wp\/v2\/media\/11849"}],"wp:attachment":[{"href":"https:\/\/malamaur.it\/index.php\/wp-json\/wp\/v2\/media?parent=11848"}],"wp:term":[{"taxonomy":"category","embeddable":true,"href":"https:\/\/malamaur.it\/index.php\/wp-json\/wp\/v2\/categories?post=11848"},{"taxonomy":"post_tag","embeddable":true,"href":"https:\/\/malamaur.it\/index.php\/wp-json\/wp\/v2\/tags?post=11848"}],"curies":[{"name":"wp","href":"https:\/\/api.w.org\/{rel}","templated":true}]}}