{"id":11892,"date":"2025-09-05T14:15:53","date_gmt":"2025-09-05T12:15:53","guid":{"rendered":"https:\/\/malamaur.it\/index.php\/2025\/09\/05\/il-ragazzo-del-lago\/"},"modified":"2025-09-05T14:15:53","modified_gmt":"2025-09-05T12:15:53","slug":"il-ragazzo-del-lago","status":"publish","type":"post","link":"https:\/\/malamaur.it\/index.php\/2025\/09\/05\/il-ragazzo-del-lago\/","title":{"rendered":"Il ragazzo del lago"},"content":{"rendered":"<p>Non \u00e8 che un ragazzino Aimone, quando, giovanissimo cameriere all&#8217;Hotel Suisse di Como, ottiene di andare in Germania per imparare il tedesco e il mestiere di maitre d&#8217;hotel. Qualche giorno dopo, a Oberhof, nel castello del principe Watzesky e della sua signora, osserva rapito dal fondo della hall il bel mondo che si appresta a celebrare la notte di San Silvestro del 1938. Mentre la padrona di casa scende le scale, a met\u00e0 dello scalone, scorge il ragazzo al fondo della sala. Inizia ad ansimare, si appoggia alla ringhiera, si accascia. Di colpo, l&#8217;orchestra smette di suonare. Solo pochi giorni dopo, quel ragazzino nato a Dongo, identico come una goccia d&#8217;acqua al figlio che la donna ha da poco perduto, si trover\u00e0 catapultato nella vita sfarzosa della capitale nazista. E addirittura ospitato nel bunker di Hitler. Ma non \u00e8 che il primo coup de th\u00e9\u00e0tre di questa straordinaria epopea. Perch\u00e9 rientrato in Italia al seguito di una delusione amorosa, e arruolato nell&#8217;esercito, Aimone dopo l&#8217;8 settembre diventa partigiano. Viene arrestato, atrocemente torturato, impacchettato con destinazione Mauthausen, il campo dell&#8217;orrore. Ma proprio mentre tutto sembra ormai perduto, un nuovo colpo di scena cancella la parola fine e rimette in moto la storia di Aimone. Il 27 aprile del 1945, quando la colonna della Wehrmacht si arresta alle porte di Dongo, sar\u00e0 proprio il ragazzo del lago, l&#8217;unico che sappia parlare tedesco, a trattare la resa di Mussolini e dei gerarchi fascisti.<br \/>\n(source: inmondadori_it.com)<\/p>\n","protected":false},"excerpt":{"rendered":"<p>Non \u00e8 che un ragazzino Aimone, quando, giovanissimo cameriere all&#8217;Hotel Suisse di Como, ottiene di andare in Germania per imparare il tedesco e il mestiere di maitre d&#8217;hotel. Qualche giorno dopo, a Oberhof, nel castello del principe Watzesky e della sua signora, osserva rapito dal fondo della hall il bel mondo che si appresta a [&hellip;]<\/p>\n","protected":false},"author":1,"featured_media":11893,"comment_status":"open","ping_status":"open","sticky":false,"template":"","format":"standard","meta":{"_acf_changed":false,"footnotes":""},"categories":[1],"tags":[],"class_list":["post-11892","post","type-post","status-publish","format-standard","has-post-thumbnail","hentry","category-ebook"],"acf":[],"_links":{"self":[{"href":"https:\/\/malamaur.it\/index.php\/wp-json\/wp\/v2\/posts\/11892","targetHints":{"allow":["GET"]}}],"collection":[{"href":"https:\/\/malamaur.it\/index.php\/wp-json\/wp\/v2\/posts"}],"about":[{"href":"https:\/\/malamaur.it\/index.php\/wp-json\/wp\/v2\/types\/post"}],"author":[{"embeddable":true,"href":"https:\/\/malamaur.it\/index.php\/wp-json\/wp\/v2\/users\/1"}],"replies":[{"embeddable":true,"href":"https:\/\/malamaur.it\/index.php\/wp-json\/wp\/v2\/comments?post=11892"}],"version-history":[{"count":0,"href":"https:\/\/malamaur.it\/index.php\/wp-json\/wp\/v2\/posts\/11892\/revisions"}],"wp:featuredmedia":[{"embeddable":true,"href":"https:\/\/malamaur.it\/index.php\/wp-json\/wp\/v2\/media\/11893"}],"wp:attachment":[{"href":"https:\/\/malamaur.it\/index.php\/wp-json\/wp\/v2\/media?parent=11892"}],"wp:term":[{"taxonomy":"category","embeddable":true,"href":"https:\/\/malamaur.it\/index.php\/wp-json\/wp\/v2\/categories?post=11892"},{"taxonomy":"post_tag","embeddable":true,"href":"https:\/\/malamaur.it\/index.php\/wp-json\/wp\/v2\/tags?post=11892"}],"curies":[{"name":"wp","href":"https:\/\/api.w.org\/{rel}","templated":true}]}}