{"id":11982,"date":"2025-09-05T14:16:15","date_gmt":"2025-09-05T12:16:15","guid":{"rendered":"https:\/\/malamaur.it\/index.php\/2025\/09\/05\/i-sogni-cattivi-di-firenze\/"},"modified":"2025-09-05T14:16:15","modified_gmt":"2025-09-05T12:16:15","slug":"i-sogni-cattivi-di-firenze","status":"publish","type":"post","link":"https:\/\/malamaur.it\/index.php\/2025\/09\/05\/i-sogni-cattivi-di-firenze\/","title":{"rendered":"I sogni cattivi di Firenze"},"content":{"rendered":"<p>Gli incubi peggiori nascono dal buio, come flash improvvisi, per spegnersi alle prime luci dell&#8217;alba. Alcuni per\u00f2 non svaniscono al risveglio e diventano ossessioni che ci seguono ovunque.<br \/>\nIl commissario Ferrara con quel buio profondo \u00e8 abituato a convivere.<br \/>\nAll\u2019inizio dell\u2019estate del 2004 Firenze \u00e8 soffocata dal terrore suscitato dagli agghiaccianti omicidi del serial killer Leonardo Berghoff.<br \/>\nMa la sua morte sembra portare una ventata d&#8217;aria fresca in una citt\u00e0 che ormai tutti credevano maledetta. Quando vengono trovati i corpi del senatore Enrico Costanza e del suo maggiordomo, barbaramente trucidati, Ferrara capisce che la partita non \u00e8 chiusa. La mano ora \u00e8 un&#8217;altra, le modalit\u00e0 sembrano diverse, ma il sangue riprende a scorrere sull&#8217;Arno mentre, dagli inferi della citt\u00e0, la misteriosa loggia massonica della Rosa Nera continua a tessere la propria terribile ragnatela.<br \/>\nLe ricerche si complicano, abbandonando la polizia in un labirinto di ipotesi senza uscita. Non solo perch\u00e9 chi muove i fili da dietro le quinte non ha intenzione di fermarsi. Ma soprattutto perch\u00e9 Ferrara, seguendo le tracce di Angelica, una donna misteriosa che ha troppo da nascondere, si \u00e8 ritrovato faccia a faccia con una realt\u00e0 al di l\u00e0 della sua immaginazione.<br \/>\nMichele Giuttari torna da protagonista con un thriller travolgente sui segreti pi\u00f9 inconfessabili di Firenze. Una spirale di vendette, colpi di scena e corruzione, un&#8217;indagine ipnotica dove scoprire la verit\u00e0 \u00e8 solo l\u2019inizio.<\/p>\n","protected":false},"excerpt":{"rendered":"<p>Gli incubi peggiori nascono dal buio, come flash improvvisi, per spegnersi alle prime luci dell&#8217;alba. Alcuni per\u00f2 non svaniscono al risveglio e diventano ossessioni che ci seguono ovunque. Il commissario Ferrara con quel buio profondo \u00e8 abituato a convivere. All\u2019inizio dell\u2019estate del 2004 Firenze \u00e8 soffocata dal terrore suscitato dagli agghiaccianti omicidi del serial killer [&hellip;]<\/p>\n","protected":false},"author":1,"featured_media":11983,"comment_status":"open","ping_status":"open","sticky":false,"template":"","format":"standard","meta":{"_acf_changed":false,"footnotes":""},"categories":[1],"tags":[],"class_list":["post-11982","post","type-post","status-publish","format-standard","has-post-thumbnail","hentry","category-ebook"],"acf":[],"_links":{"self":[{"href":"https:\/\/malamaur.it\/index.php\/wp-json\/wp\/v2\/posts\/11982","targetHints":{"allow":["GET"]}}],"collection":[{"href":"https:\/\/malamaur.it\/index.php\/wp-json\/wp\/v2\/posts"}],"about":[{"href":"https:\/\/malamaur.it\/index.php\/wp-json\/wp\/v2\/types\/post"}],"author":[{"embeddable":true,"href":"https:\/\/malamaur.it\/index.php\/wp-json\/wp\/v2\/users\/1"}],"replies":[{"embeddable":true,"href":"https:\/\/malamaur.it\/index.php\/wp-json\/wp\/v2\/comments?post=11982"}],"version-history":[{"count":0,"href":"https:\/\/malamaur.it\/index.php\/wp-json\/wp\/v2\/posts\/11982\/revisions"}],"wp:featuredmedia":[{"embeddable":true,"href":"https:\/\/malamaur.it\/index.php\/wp-json\/wp\/v2\/media\/11983"}],"wp:attachment":[{"href":"https:\/\/malamaur.it\/index.php\/wp-json\/wp\/v2\/media?parent=11982"}],"wp:term":[{"taxonomy":"category","embeddable":true,"href":"https:\/\/malamaur.it\/index.php\/wp-json\/wp\/v2\/categories?post=11982"},{"taxonomy":"post_tag","embeddable":true,"href":"https:\/\/malamaur.it\/index.php\/wp-json\/wp\/v2\/tags?post=11982"}],"curies":[{"name":"wp","href":"https:\/\/api.w.org\/{rel}","templated":true}]}}