{"id":12062,"date":"2025-09-05T14:16:34","date_gmt":"2025-09-05T12:16:34","guid":{"rendered":"https:\/\/malamaur.it\/index.php\/2025\/09\/05\/che-ne-e-stato-di-te-buzz-aldrin\/"},"modified":"2025-09-05T14:16:34","modified_gmt":"2025-09-05T12:16:34","slug":"che-ne-e-stato-di-te-buzz-aldrin","status":"publish","type":"post","link":"https:\/\/malamaur.it\/index.php\/2025\/09\/05\/che-ne-e-stato-di-te-buzz-aldrin\/","title":{"rendered":"Che ne \u00e8 stato di te, Buzz Aldrin?"},"content":{"rendered":"<p>In un mondo in cui tutti vorrebbero stare sotto ai riflettori per almeno un quarto d&#8217;ora di celebrit\u00e0, Mattias ha scelto di vivere nell&#8217;ombra e apparire il meno possibile: non tutti vogliono essere il numero uno, come Buzz Aldrin, il secondo uomo sulla Luna, che ha svolto la sua missione, ha messo piede sul satellite dopo Neil Armstrong ed \u00e8 scomparso nella folla: chi si ricorda di lui? Nessuno tranne Mattias: per lui l&#8217;astronauta \u00e8 un idolo, simbolo di tutti coloro che fanno la loro parte senza reclamare attenzione, piccole, indispensabili ruote del grande ingranaggio. E Mattias non chiede altro che coltivare il proprio giardino &#8211; letteralmente, dato che lavora in un vivaio avere una vita normale insieme a Helle, la ragazza che ama dal liceo: allora, e solo per farsi vedere da lei, Mattias \u00e8 salito una volta sul palco e ha cantato con la voce straordinaria che aveva sempre nascosto a tutti. Ha sempre rifiutato gli inviti dell&#8217;amico J\u00f8rn, che lo voleva a tutti i costi come cantante nella sua band: il ruolo di frontman non fa certo per lui. \u00c8 l&#8217;estate del 1999, l&#8217;anno prima che inizi il futuro, il tempo \u00e8 passato e l&#8217;esistenza felicemente anonima di Mattias sembra sempre pi\u00f9 un riparo dagli altri e dalla vita. Fino a quando Helle lo lascia, il vivaio chiude, e Mattias si ritrova solo, a fluttuare fuori dalla propria orbita. J\u00f8rn sta partendo con la band per un concerto alle isole Faroe, lo vuole con s\u00e9 almeno come fonico: forse perch\u00e9 non gli resta altro, Mattias accetta, s&#8217;imbarca, pronti al decollo&#8230;<\/p>\n","protected":false},"excerpt":{"rendered":"<p>In un mondo in cui tutti vorrebbero stare sotto ai riflettori per almeno un quarto d&#8217;ora di celebrit\u00e0, Mattias ha scelto di vivere nell&#8217;ombra e apparire il meno possibile: non tutti vogliono essere il numero uno, come Buzz Aldrin, il secondo uomo sulla Luna, che ha svolto la sua missione, ha messo piede sul satellite [&hellip;]<\/p>\n","protected":false},"author":1,"featured_media":12063,"comment_status":"open","ping_status":"open","sticky":false,"template":"","format":"standard","meta":{"_acf_changed":false,"footnotes":""},"categories":[1],"tags":[],"class_list":["post-12062","post","type-post","status-publish","format-standard","has-post-thumbnail","hentry","category-ebook"],"acf":[],"_links":{"self":[{"href":"https:\/\/malamaur.it\/index.php\/wp-json\/wp\/v2\/posts\/12062","targetHints":{"allow":["GET"]}}],"collection":[{"href":"https:\/\/malamaur.it\/index.php\/wp-json\/wp\/v2\/posts"}],"about":[{"href":"https:\/\/malamaur.it\/index.php\/wp-json\/wp\/v2\/types\/post"}],"author":[{"embeddable":true,"href":"https:\/\/malamaur.it\/index.php\/wp-json\/wp\/v2\/users\/1"}],"replies":[{"embeddable":true,"href":"https:\/\/malamaur.it\/index.php\/wp-json\/wp\/v2\/comments?post=12062"}],"version-history":[{"count":0,"href":"https:\/\/malamaur.it\/index.php\/wp-json\/wp\/v2\/posts\/12062\/revisions"}],"wp:featuredmedia":[{"embeddable":true,"href":"https:\/\/malamaur.it\/index.php\/wp-json\/wp\/v2\/media\/12063"}],"wp:attachment":[{"href":"https:\/\/malamaur.it\/index.php\/wp-json\/wp\/v2\/media?parent=12062"}],"wp:term":[{"taxonomy":"category","embeddable":true,"href":"https:\/\/malamaur.it\/index.php\/wp-json\/wp\/v2\/categories?post=12062"},{"taxonomy":"post_tag","embeddable":true,"href":"https:\/\/malamaur.it\/index.php\/wp-json\/wp\/v2\/tags?post=12062"}],"curies":[{"name":"wp","href":"https:\/\/api.w.org\/{rel}","templated":true}]}}