{"id":12210,"date":"2025-09-05T14:17:05","date_gmt":"2025-09-05T12:17:05","guid":{"rendered":"https:\/\/malamaur.it\/index.php\/2025\/09\/05\/la-storia-del-generale-dann-della-figlia-di-mara-di-griot-e-del-cane-delle-nevi\/"},"modified":"2025-09-05T14:17:05","modified_gmt":"2025-09-05T12:17:05","slug":"la-storia-del-generale-dann-della-figlia-di-mara-di-griot-e-del-cane-delle-nevi","status":"publish","type":"post","link":"https:\/\/malamaur.it\/index.php\/2025\/09\/05\/la-storia-del-generale-dann-della-figlia-di-mara-di-griot-e-del-cane-delle-nevi\/","title":{"rendered":"La storia del generale Dann, della figlia di Mara, di Griot e del cane delle nevi"},"content":{"rendered":"<p>\u201cAffiora ancora una volta il fascino struggente e travolgente di una scrittrice decisamente unica.\u201d Ttl, supplemento de La Stampa Guidato dalla sua inesauribile sete di avventure, il giovane Dann decide di intraprendere il cammino verso le Montagne di Ghiaccio che delimitano il confine meridionale di Yerrup, a nord di Yfrik; giunto in cima a una scogliera, contempla l\u2019ineffabile, remoto candore del paesaggio naturale, e sfida gli elementi. Nel suo destino c\u2019\u00e8 un laborioso percorso di conoscenza, durante il quale incontrer\u00e0 occasionali compagni di viaggio, approfondir\u00e0 la consapevolezza della propria duplice sessualit\u00e0 e aprir\u00e0 il cuore a quello che si riveler\u00e0 il pi\u00f9 fedele degli amici, un cane delle nevi. Finir\u00e0 per essere l\u2019artefice quasi inconsapevole della rinascita di uno Stato, di cui diverr\u00e0 generale e principe, grazie soprattutto al suo zelante subalterno, Griot. In questo ruolo, per lui nuovo e ingombrante, e restando avvinto dal profondo rapporto che lo lega a sua sorella Mara, proseguir\u00e0, nel bene e nel male, il viaggio intrapreso dai loro genitori verso un futuro indefinito, puntellato sulle vestigia di un\u2019umanit\u00e0 ormai muta e affondata nel passato.<\/p>\n","protected":false},"excerpt":{"rendered":"<p>\u201cAffiora ancora una volta il fascino struggente e travolgente di una scrittrice decisamente unica.\u201d Ttl, supplemento de La Stampa Guidato dalla sua inesauribile sete di avventure, il giovane Dann decide di intraprendere il cammino verso le Montagne di Ghiaccio che delimitano il confine meridionale di Yerrup, a nord di Yfrik; giunto in cima a una [&hellip;]<\/p>\n","protected":false},"author":1,"featured_media":12211,"comment_status":"open","ping_status":"open","sticky":false,"template":"","format":"standard","meta":{"_acf_changed":false,"footnotes":""},"categories":[1],"tags":[],"class_list":["post-12210","post","type-post","status-publish","format-standard","has-post-thumbnail","hentry","category-ebook"],"acf":[],"_links":{"self":[{"href":"https:\/\/malamaur.it\/index.php\/wp-json\/wp\/v2\/posts\/12210","targetHints":{"allow":["GET"]}}],"collection":[{"href":"https:\/\/malamaur.it\/index.php\/wp-json\/wp\/v2\/posts"}],"about":[{"href":"https:\/\/malamaur.it\/index.php\/wp-json\/wp\/v2\/types\/post"}],"author":[{"embeddable":true,"href":"https:\/\/malamaur.it\/index.php\/wp-json\/wp\/v2\/users\/1"}],"replies":[{"embeddable":true,"href":"https:\/\/malamaur.it\/index.php\/wp-json\/wp\/v2\/comments?post=12210"}],"version-history":[{"count":0,"href":"https:\/\/malamaur.it\/index.php\/wp-json\/wp\/v2\/posts\/12210\/revisions"}],"wp:featuredmedia":[{"embeddable":true,"href":"https:\/\/malamaur.it\/index.php\/wp-json\/wp\/v2\/media\/12211"}],"wp:attachment":[{"href":"https:\/\/malamaur.it\/index.php\/wp-json\/wp\/v2\/media?parent=12210"}],"wp:term":[{"taxonomy":"category","embeddable":true,"href":"https:\/\/malamaur.it\/index.php\/wp-json\/wp\/v2\/categories?post=12210"},{"taxonomy":"post_tag","embeddable":true,"href":"https:\/\/malamaur.it\/index.php\/wp-json\/wp\/v2\/tags?post=12210"}],"curies":[{"name":"wp","href":"https:\/\/api.w.org\/{rel}","templated":true}]}}