{"id":12312,"date":"2025-09-05T14:17:31","date_gmt":"2025-09-05T12:17:31","guid":{"rendered":"https:\/\/malamaur.it\/index.php\/2025\/09\/05\/cronaca-criminale-la-storia-definitiva-della-banda-della-magliana\/"},"modified":"2025-09-05T14:17:31","modified_gmt":"2025-09-05T12:17:31","slug":"cronaca-criminale-la-storia-definitiva-della-banda-della-magliana","status":"publish","type":"post","link":"https:\/\/malamaur.it\/index.php\/2025\/09\/05\/cronaca-criminale-la-storia-definitiva-della-banda-della-magliana\/","title":{"rendered":"Cronaca criminale &#8211; La storia definitiva della banda della Magliana"},"content":{"rendered":"<p>Magistrati che se ne sono occupati affermano che la Banda della Magliana &#8220;\u00e8 un&#8217;invenzione giornalistica&#8221; e che &#8220;non \u00e8 mai esistita una organizzazione unitaria della malavita romana&#8221; oppure, al contrario, che &#8220;era molto di pi\u00f9 di una banda, molto pi\u00f9 pericolosa, ed \u00e8 stata colpevolmente sottovalutata&#8221;. Sta di fatto che la &#8220;bandaccia&#8221;, come veniva anche chiamata, \u00e8 protagonista di romanzi, film e sceneggiati televisivi di grande successo e suggestione, fino a diventare sinonimo di &#8220;cupola&#8221; onnicomprensiva della malavita capitolina dalla seconda met\u00e0 degli anni Settanta alla fine degli anni Ottanta e a far sospettare che esista ancora. Associata alla mafia e al terrorismo nero, ritenuta ricca di agganci e compiacenze nelle zone torbide dei servizi segreti, della finanza, della massoneria e della gerarchia vaticana, tanto da esserne la longa manus negli affari pi\u00f9 sporchi, le propaggini della Banda della Magliana sono state &#8220;viste&#8221; in quasi tutti i casi che hanno scandito la burrascosa storia italiana di quegli anni sanguinosi. Capire l&#8217;arcipelago Magliana vuol dire addentrarsi in una tragedia collettiva fatta di avidit\u00e0 e ferocia, deliri di onnipotenza criminale e sottili disegni politici, un magma in cui tutto si fonde insieme e che, una volta raffreddato, ha lasciato sogni di pietra e morti senza gloria.<\/p>\n","protected":false},"excerpt":{"rendered":"<p>Magistrati che se ne sono occupati affermano che la Banda della Magliana &#8220;\u00e8 un&#8217;invenzione giornalistica&#8221; e che &#8220;non \u00e8 mai esistita una organizzazione unitaria della malavita romana&#8221; oppure, al contrario, che &#8220;era molto di pi\u00f9 di una banda, molto pi\u00f9 pericolosa, ed \u00e8 stata colpevolmente sottovalutata&#8221;. Sta di fatto che la &#8220;bandaccia&#8221;, come veniva anche [&hellip;]<\/p>\n","protected":false},"author":1,"featured_media":12313,"comment_status":"open","ping_status":"open","sticky":false,"template":"","format":"standard","meta":{"_acf_changed":false,"footnotes":""},"categories":[1],"tags":[],"class_list":["post-12312","post","type-post","status-publish","format-standard","has-post-thumbnail","hentry","category-ebook"],"acf":[],"_links":{"self":[{"href":"https:\/\/malamaur.it\/index.php\/wp-json\/wp\/v2\/posts\/12312","targetHints":{"allow":["GET"]}}],"collection":[{"href":"https:\/\/malamaur.it\/index.php\/wp-json\/wp\/v2\/posts"}],"about":[{"href":"https:\/\/malamaur.it\/index.php\/wp-json\/wp\/v2\/types\/post"}],"author":[{"embeddable":true,"href":"https:\/\/malamaur.it\/index.php\/wp-json\/wp\/v2\/users\/1"}],"replies":[{"embeddable":true,"href":"https:\/\/malamaur.it\/index.php\/wp-json\/wp\/v2\/comments?post=12312"}],"version-history":[{"count":0,"href":"https:\/\/malamaur.it\/index.php\/wp-json\/wp\/v2\/posts\/12312\/revisions"}],"wp:featuredmedia":[{"embeddable":true,"href":"https:\/\/malamaur.it\/index.php\/wp-json\/wp\/v2\/media\/12313"}],"wp:attachment":[{"href":"https:\/\/malamaur.it\/index.php\/wp-json\/wp\/v2\/media?parent=12312"}],"wp:term":[{"taxonomy":"category","embeddable":true,"href":"https:\/\/malamaur.it\/index.php\/wp-json\/wp\/v2\/categories?post=12312"},{"taxonomy":"post_tag","embeddable":true,"href":"https:\/\/malamaur.it\/index.php\/wp-json\/wp\/v2\/tags?post=12312"}],"curies":[{"name":"wp","href":"https:\/\/api.w.org\/{rel}","templated":true}]}}