{"id":12354,"date":"2025-09-05T14:17:41","date_gmt":"2025-09-05T12:17:41","guid":{"rendered":"https:\/\/malamaur.it\/index.php\/2025\/09\/05\/giu-al-sud\/"},"modified":"2025-09-05T14:17:41","modified_gmt":"2025-09-05T12:17:41","slug":"giu-al-sud","status":"publish","type":"post","link":"https:\/\/malamaur.it\/index.php\/2025\/09\/05\/giu-al-sud\/","title":{"rendered":"Gi\u00f9 al Sud"},"content":{"rendered":"<p>&#8220;Mai ho viaggiato a Sud come in questi ultimi due, tre anni, e ogni volta mi sorprendo a fare il conto di quanto non ne so e di quanto si possa percepire, di intenso, profondo, senza riuscire a cogliere appieno il senso dell&#8217;insieme. Ho pensato che fosse pi\u00f9 corretto raccontare le tappe del mio viaggio, senza ricorrere ad artifici che le facessero diventare parte di una narrazione unica. Ma questo paesaggio narrativo comunque parla, e sapere di noi, chiunque noi siamo, ovunque siamo, \u00e8 opera collettiva. Questo libro \u00e8 il mio mattone (termine disgraziatissimo per un libro) per il muro della casa che si costruisce insieme. Il Sud non ha voce, o voci piccole e sparse, ed \u00e8 possibile che gli stessi protagonisti non percepiscano quanto siano parte di un tutto, forse decisivo. Mentre tutti guardano al Nord, ricco e potente, alle loro spalle, al Sud, credo stia nascendo l&#8217;Italia di domani. Un&#8217;Italia migliore.&#8221; Cosa succede dove sembra che non stia succedendo nulla? Nelle regioni pi\u00f9 dimenticate, come la Calabria che pare esistere soltanto per la criminalit\u00e0 e la &#8216;ndrangheta? Invece, forse, \u00e8 proprio l\u00ec che si prepara il futuro. Un viaggio a tappe nel Sud, dove ogni esperienza parla per s\u00e9 e di s\u00e9 ma, tutte insieme, riescono a disegnare un paesaggio narrativo intenso e unico.<\/p>\n","protected":false},"excerpt":{"rendered":"<p>&#8220;Mai ho viaggiato a Sud come in questi ultimi due, tre anni, e ogni volta mi sorprendo a fare il conto di quanto non ne so e di quanto si possa percepire, di intenso, profondo, senza riuscire a cogliere appieno il senso dell&#8217;insieme. Ho pensato che fosse pi\u00f9 corretto raccontare le tappe del mio viaggio, [&hellip;]<\/p>\n","protected":false},"author":1,"featured_media":12355,"comment_status":"open","ping_status":"open","sticky":false,"template":"","format":"standard","meta":{"_acf_changed":false,"footnotes":""},"categories":[1],"tags":[],"class_list":["post-12354","post","type-post","status-publish","format-standard","has-post-thumbnail","hentry","category-ebook"],"acf":[],"_links":{"self":[{"href":"https:\/\/malamaur.it\/index.php\/wp-json\/wp\/v2\/posts\/12354","targetHints":{"allow":["GET"]}}],"collection":[{"href":"https:\/\/malamaur.it\/index.php\/wp-json\/wp\/v2\/posts"}],"about":[{"href":"https:\/\/malamaur.it\/index.php\/wp-json\/wp\/v2\/types\/post"}],"author":[{"embeddable":true,"href":"https:\/\/malamaur.it\/index.php\/wp-json\/wp\/v2\/users\/1"}],"replies":[{"embeddable":true,"href":"https:\/\/malamaur.it\/index.php\/wp-json\/wp\/v2\/comments?post=12354"}],"version-history":[{"count":0,"href":"https:\/\/malamaur.it\/index.php\/wp-json\/wp\/v2\/posts\/12354\/revisions"}],"wp:featuredmedia":[{"embeddable":true,"href":"https:\/\/malamaur.it\/index.php\/wp-json\/wp\/v2\/media\/12355"}],"wp:attachment":[{"href":"https:\/\/malamaur.it\/index.php\/wp-json\/wp\/v2\/media?parent=12354"}],"wp:term":[{"taxonomy":"category","embeddable":true,"href":"https:\/\/malamaur.it\/index.php\/wp-json\/wp\/v2\/categories?post=12354"},{"taxonomy":"post_tag","embeddable":true,"href":"https:\/\/malamaur.it\/index.php\/wp-json\/wp\/v2\/tags?post=12354"}],"curies":[{"name":"wp","href":"https:\/\/api.w.org\/{rel}","templated":true}]}}