{"id":12382,"date":"2025-09-05T14:17:49","date_gmt":"2025-09-05T12:17:49","guid":{"rendered":"https:\/\/malamaur.it\/index.php\/2025\/09\/05\/la-figlia-del-podesta\/"},"modified":"2025-09-05T14:17:49","modified_gmt":"2025-09-05T12:17:49","slug":"la-figlia-del-podesta","status":"publish","type":"post","link":"https:\/\/malamaur.it\/index.php\/2025\/09\/05\/la-figlia-del-podesta\/","title":{"rendered":"La figlia del podest\u00e0"},"content":{"rendered":"<p>Bellano \u00e8 in gran subbuglio. Con apposita delibera, Agostino Meccia, l\u2019autorevole podest\u00e0 della cittadina affacciata sul lago, ha deciso<br \/>\ndi perseguire un progetto assai moderno e ambizioso: una linea di idrovolanti che collegher\u00e0 Como, Bellano e Lugano, dar\u00e0 lustro alla sua amministrazione, attirer\u00e0 frotte<br \/>\ndi turisti e far\u00e0 schiattare d\u2019invidia i comuni limitrofi. Tutto sembra filare liscio, in quel placido e fascistissimo 1931. Anche se c\u2019\u00e8 un problema: per le casse di un piccolo comune l\u2019investimento sar\u00e0 enorme, e oltretutto l\u2019idrovolante dovr\u00e0 essere debitamente collaudato. E poi Renata, la figlia del podest\u00e0: fino a ieri era solo una bambina, ora \u00e8 diventata cos\u00ec strana, non avr\u00e0 mica qualche nuovo capriccio?<br \/>\nCon la sua ormai ben nota abilit\u00e0, Andrea Vitali racconta un altro episodio della saga di Bellano: narra la vita di paese, con i suoi amori e i suoi scandali, le sue carriere e le sue dinastie, e i pettegolezzi che s\u2019inseguono generazione dopo generazione; e attraverso questo microcosmo esplora anche la storia del nostro paese, i suoi sogni di modernit\u00e0 e le sue inerzie, i suoi vizi e le sue virt\u00f9, pressoch\u00e9 immutabili attraverso i decenni. Ma soprattutto i romanzi di Andrea Vitali sono un piacere per il lettore, grazie alla capacit\u00e0 di cogliere e far vivere personaggi e paesaggi, la sapienza nel costruire le trame, un ritmo narrativo sempre vivace e godibile.<\/p>\n","protected":false},"excerpt":{"rendered":"<p>Bellano \u00e8 in gran subbuglio. Con apposita delibera, Agostino Meccia, l\u2019autorevole podest\u00e0 della cittadina affacciata sul lago, ha deciso di perseguire un progetto assai moderno e ambizioso: una linea di idrovolanti che collegher\u00e0 Como, Bellano e Lugano, dar\u00e0 lustro alla sua amministrazione, attirer\u00e0 frotte di turisti e far\u00e0 schiattare d\u2019invidia i comuni limitrofi. Tutto sembra [&hellip;]<\/p>\n","protected":false},"author":1,"featured_media":12383,"comment_status":"open","ping_status":"open","sticky":false,"template":"","format":"standard","meta":{"_acf_changed":false,"footnotes":""},"categories":[1],"tags":[],"class_list":["post-12382","post","type-post","status-publish","format-standard","has-post-thumbnail","hentry","category-ebook"],"acf":[],"_links":{"self":[{"href":"https:\/\/malamaur.it\/index.php\/wp-json\/wp\/v2\/posts\/12382","targetHints":{"allow":["GET"]}}],"collection":[{"href":"https:\/\/malamaur.it\/index.php\/wp-json\/wp\/v2\/posts"}],"about":[{"href":"https:\/\/malamaur.it\/index.php\/wp-json\/wp\/v2\/types\/post"}],"author":[{"embeddable":true,"href":"https:\/\/malamaur.it\/index.php\/wp-json\/wp\/v2\/users\/1"}],"replies":[{"embeddable":true,"href":"https:\/\/malamaur.it\/index.php\/wp-json\/wp\/v2\/comments?post=12382"}],"version-history":[{"count":0,"href":"https:\/\/malamaur.it\/index.php\/wp-json\/wp\/v2\/posts\/12382\/revisions"}],"wp:featuredmedia":[{"embeddable":true,"href":"https:\/\/malamaur.it\/index.php\/wp-json\/wp\/v2\/media\/12383"}],"wp:attachment":[{"href":"https:\/\/malamaur.it\/index.php\/wp-json\/wp\/v2\/media?parent=12382"}],"wp:term":[{"taxonomy":"category","embeddable":true,"href":"https:\/\/malamaur.it\/index.php\/wp-json\/wp\/v2\/categories?post=12382"},{"taxonomy":"post_tag","embeddable":true,"href":"https:\/\/malamaur.it\/index.php\/wp-json\/wp\/v2\/tags?post=12382"}],"curies":[{"name":"wp","href":"https:\/\/api.w.org\/{rel}","templated":true}]}}