{"id":12424,"date":"2025-09-05T14:18:00","date_gmt":"2025-09-05T12:18:00","guid":{"rendered":"https:\/\/malamaur.it\/index.php\/2025\/09\/05\/trentanni-e-una-chiacchierata-con-papa\/"},"modified":"2025-09-05T14:18:00","modified_gmt":"2025-09-05T12:18:00","slug":"trentanni-e-una-chiacchierata-con-papa","status":"publish","type":"post","link":"https:\/\/malamaur.it\/index.php\/2025\/09\/05\/trentanni-e-una-chiacchierata-con-papa\/","title":{"rendered":"Trent&#8217;anni e una chiacchierata con pap\u00e0"},"content":{"rendered":"<p>Tiziano Ferro ha quindici anni quando decide di confidare i suoi pensieri a un quaderno. \u00c8 il diario di un ragazzino come tanti: la scuola, gli amici, i primi amori, la passione per la musica. Fuori dal comune \u00e8 invece l\u2019intensit\u00e0 con la quale insegue il sogno di incidere un disco. E appena lo realizza fa centro. Ma va tutto troppo veloce: insieme all\u2019emozione dei concerti e allo stupore davanti ai fan, ecco, severe come brutti sogni, la solitudine dei viaggi e delle camere d\u2019albergo, e la paura di non essere all\u2019altezza. \u00c8 come se da quel momento Tiziano avvertisse una continua spaccatura: da una parte la messa a fuoco del proprio talento, la collaborazione con le pi\u00f9 grandi star italiane e internazionali, i riconoscimenti \u2013 del pubblico, della critica, dei colleghi \u2013, la folla dei fan, dall\u2019altra la percezione di una inedita solitudine, di una indomabile nostalgia, la lontananza dalla famiglia (soprattutto da Flavio, il fratello) e dagli amici di Latina. Niente pause. Niente stanchezza. Mai. Come il pi\u00f9 sensibile dei sismografi, Tiziano registra fedelmente, in questo diario, emozioni e stati d\u2019animo. Con dolente sincerit\u00e0, e al contempo curiosit\u00e0, senso dell\u2019umorismo e allegro disincanto, racconta l\u2019altra faccia del successo e anche di s\u00e9, senza paura di svelarsi fragile, di mostrare zone d\u2019ombra, contraddizioni, inquietudini. In fondo a questo lungo, appassionato colloquio con se stesso e con il suo pubblico, c\u2019\u00e8 forse una nuova consapevolezza. Una confessione toccante e sincera di una star che non dimentica di essere prima di tutto Tiziano.<\/p>\n","protected":false},"excerpt":{"rendered":"<p>Tiziano Ferro ha quindici anni quando decide di confidare i suoi pensieri a un quaderno. \u00c8 il diario di un ragazzino come tanti: la scuola, gli amici, i primi amori, la passione per la musica. Fuori dal comune \u00e8 invece l\u2019intensit\u00e0 con la quale insegue il sogno di incidere un disco. E appena lo realizza [&hellip;]<\/p>\n","protected":false},"author":1,"featured_media":12425,"comment_status":"open","ping_status":"open","sticky":false,"template":"","format":"standard","meta":{"_acf_changed":false,"footnotes":""},"categories":[1],"tags":[],"class_list":["post-12424","post","type-post","status-publish","format-standard","has-post-thumbnail","hentry","category-ebook"],"acf":[],"_links":{"self":[{"href":"https:\/\/malamaur.it\/index.php\/wp-json\/wp\/v2\/posts\/12424","targetHints":{"allow":["GET"]}}],"collection":[{"href":"https:\/\/malamaur.it\/index.php\/wp-json\/wp\/v2\/posts"}],"about":[{"href":"https:\/\/malamaur.it\/index.php\/wp-json\/wp\/v2\/types\/post"}],"author":[{"embeddable":true,"href":"https:\/\/malamaur.it\/index.php\/wp-json\/wp\/v2\/users\/1"}],"replies":[{"embeddable":true,"href":"https:\/\/malamaur.it\/index.php\/wp-json\/wp\/v2\/comments?post=12424"}],"version-history":[{"count":0,"href":"https:\/\/malamaur.it\/index.php\/wp-json\/wp\/v2\/posts\/12424\/revisions"}],"wp:featuredmedia":[{"embeddable":true,"href":"https:\/\/malamaur.it\/index.php\/wp-json\/wp\/v2\/media\/12425"}],"wp:attachment":[{"href":"https:\/\/malamaur.it\/index.php\/wp-json\/wp\/v2\/media?parent=12424"}],"wp:term":[{"taxonomy":"category","embeddable":true,"href":"https:\/\/malamaur.it\/index.php\/wp-json\/wp\/v2\/categories?post=12424"},{"taxonomy":"post_tag","embeddable":true,"href":"https:\/\/malamaur.it\/index.php\/wp-json\/wp\/v2\/tags?post=12424"}],"curies":[{"name":"wp","href":"https:\/\/api.w.org\/{rel}","templated":true}]}}