{"id":12614,"date":"2025-09-05T14:19:30","date_gmt":"2025-09-05T12:19:30","guid":{"rendered":"https:\/\/malamaur.it\/index.php\/2025\/09\/05\/le-colpe-degli-altri\/"},"modified":"2025-09-05T14:19:30","modified_gmt":"2025-09-05T12:19:30","slug":"le-colpe-degli-altri","status":"publish","type":"post","link":"https:\/\/malamaur.it\/index.php\/2025\/09\/05\/le-colpe-degli-altri\/","title":{"rendered":"Le colpe degli altri"},"content":{"rendered":"<p>Parigi, 2011. Federica \u00e8 sulla soglia dei quarant\u2019anni, dopo una vita trascorsa all\u2019ombra di un dolore troppo grande, con il quale non \u00e8 mai riuscita a fare i conti: l\u2019omicidio, quando lei era solo una bambina, del padre carabiniere, trucidato insieme al magistrato a cui faceva la scorta. Ma adesso, dopo tanti anni, Federica ha finalmente una traccia, la possibilit\u00e0 di sapere e soprattutto di vendicarsi\u2026Vitaliano vive a Parigi da tanti anni, \u00e8 un affermato uomo d\u2019affari e ha sposato Marta, una donna comparsa nella sua vita una sera di vent\u2019anni prima, una donna che ha rinchiuso il passato nel fondo del cuore e non parla mai dell\u2019Italia e della propria giovinezza\u2026E adesso, in una piovosa serata di settembre, le strade di Federica e Vitaliano stanno per incrociarsi, adesso forse tutte le domande avranno una risposta e Federica potr\u00e0 finalmente avere giustizia, quella che le \u00e8 stata negata per tanti anni.Ma dal male pu\u00f2 nascere solo altro male, in un mondo in cui la giustizia sembra essere amministrata da un dio muto\u2026Dalle spiagge salentine bruciate dal sole a una Parigi fredda come il cuore di chi vi ha cercato inutilmente una seconda possibilit\u00e0, una storia di dolore e riscatto, che fa i conti con il recente passato dei terribili anni di piombo regalandoci un preciso ritratto del nostro Paese e delle sue infinite contraddizioni.<\/p>\n","protected":false},"excerpt":{"rendered":"<p>Parigi, 2011. Federica \u00e8 sulla soglia dei quarant\u2019anni, dopo una vita trascorsa all\u2019ombra di un dolore troppo grande, con il quale non \u00e8 mai riuscita a fare i conti: l\u2019omicidio, quando lei era solo una bambina, del padre carabiniere, trucidato insieme al magistrato a cui faceva la scorta. Ma adesso, dopo tanti anni, Federica ha [&hellip;]<\/p>\n","protected":false},"author":1,"featured_media":12615,"comment_status":"open","ping_status":"open","sticky":false,"template":"","format":"standard","meta":{"_acf_changed":false,"footnotes":""},"categories":[1],"tags":[],"class_list":["post-12614","post","type-post","status-publish","format-standard","has-post-thumbnail","hentry","category-ebook"],"acf":[],"_links":{"self":[{"href":"https:\/\/malamaur.it\/index.php\/wp-json\/wp\/v2\/posts\/12614","targetHints":{"allow":["GET"]}}],"collection":[{"href":"https:\/\/malamaur.it\/index.php\/wp-json\/wp\/v2\/posts"}],"about":[{"href":"https:\/\/malamaur.it\/index.php\/wp-json\/wp\/v2\/types\/post"}],"author":[{"embeddable":true,"href":"https:\/\/malamaur.it\/index.php\/wp-json\/wp\/v2\/users\/1"}],"replies":[{"embeddable":true,"href":"https:\/\/malamaur.it\/index.php\/wp-json\/wp\/v2\/comments?post=12614"}],"version-history":[{"count":0,"href":"https:\/\/malamaur.it\/index.php\/wp-json\/wp\/v2\/posts\/12614\/revisions"}],"wp:featuredmedia":[{"embeddable":true,"href":"https:\/\/malamaur.it\/index.php\/wp-json\/wp\/v2\/media\/12615"}],"wp:attachment":[{"href":"https:\/\/malamaur.it\/index.php\/wp-json\/wp\/v2\/media?parent=12614"}],"wp:term":[{"taxonomy":"category","embeddable":true,"href":"https:\/\/malamaur.it\/index.php\/wp-json\/wp\/v2\/categories?post=12614"},{"taxonomy":"post_tag","embeddable":true,"href":"https:\/\/malamaur.it\/index.php\/wp-json\/wp\/v2\/tags?post=12614"}],"curies":[{"name":"wp","href":"https:\/\/api.w.org\/{rel}","templated":true}]}}