{"id":12744,"date":"2025-09-05T14:19:56","date_gmt":"2025-09-05T12:19:56","guid":{"rendered":"https:\/\/malamaur.it\/index.php\/2025\/09\/05\/il-cacciatore-del-buio\/"},"modified":"2025-09-05T14:19:56","modified_gmt":"2025-09-05T12:19:56","slug":"il-cacciatore-del-buio","status":"publish","type":"post","link":"https:\/\/malamaur.it\/index.php\/2025\/09\/05\/il-cacciatore-del-buio\/","title":{"rendered":"Il cacciatore del buio"},"content":{"rendered":"<p>\u00abSe non sar\u00e0 fermato, non si fermer\u00e0.\u00bb<br \/>\nNon esistono indizi, ma segni. Non esistono crimini, solo anomalie. E ogni morte \u00e8 l\u2019inizio di un racconto.<br \/>\nQuesto \u00e8 il romanzo di un uomo che non ha pi\u00f9 niente \u2013 non ha identit\u00e0, non ha memoria, non ha amore n\u00e9 odio \u2013 se non la propria rabbia\u2026 E un talento segreto. Perch\u00e9 Marcus \u00e8 l\u2019ultimo dei penitenzieri: \u00e8 un prete che ha la capacit\u00e0 di scovare le anomalie e di intravedere i fili che intessono la trama di ogni omicidio. Ma questa trama rischia di essere impossibile da ricostruire, anche per lui.<br \/>\nQuesto \u00e8 il romanzo di una donna che sta cercando di ricostruire se stessa. Anche Sandra lavora sulle scene del crimine, ma diversamente da Marcus non si deve nascondere, se non dietro l\u2019obiettivo della sua macchina fotografica. Perch\u00e9 Sandra \u00e8 una fotorilevatrice della polizia: il suo talento \u00e8 fotografare il nulla, per renderlo visibile. Ma stavolta il nulla rischia di inghiottirla.<br \/>\nQuesto \u00e8 il romanzo di una follia omicida che risponde a un disegno, terribile eppure seducente. E ogni volta che Marcus e Sandra pensano di aver afferrato un lembo della verit\u00e0, scoprono uno scenario ancora pi\u00f9 inquietante e minaccioso.<br \/>\nQuesto \u00e8 il romanzo che leggerete combattendo la stessa lotta di Marcus, scontrandovi con gli stessi enigmi che attanagliano Sandra, vivendo delle stesse speranze e delle stesse paure fino all\u2019ultima riga.<br \/>\nE non dimenticherete pi\u00f9.<br \/>\nCon Il cacciatore del buio Donato Carrisi consacra definitivamente la sua verve immaginativa e il suo stile, pietre miliari con le quali gli altri scrittori dovranno confrontarsi. Una trama piena di svolte inattese, una scrittura ricca di immagini ammalianti e scorrevole al punto da essere travolgente: Carrisi ormai \u00e8 una vera e propria \u00abfirma\u00bb che ha lasciato il segno nelle classifiche e nei lettori, non soltanto in Italia ma in tutto il mondo.<br \/>\nBreve storia di un grande successo<br \/>\nGennaio 2009 Esce in Italia Il suggeritore, il romanzo d\u2019esordio italiano che cambia le regole fissate dai grandi maestri internazionali del genere.<br \/>\nAutunno 2009 Dopo aver vinto il Premio Bancarella ed essere rimasto pi\u00f9 di 30 settimane in classifica, Il suggeritore diventa un fenomeno editoriale in tutto il mondo: esce in 23 Paesi e sale ai vertici delle classifiche in Francia, Germania, Spagna e Inghilterra. Carrisi diventa l\u2019autore italiano di thriller pi\u00f9 venduto nel mondo.<br \/>\nEstate 2011 Esce Il tribunale delle anime, un thriller ambientato in una Roma misteriosa e inedita, che raggiunge immediatamente la vetta delle classifiche.<br \/>\nAutunno 2011 Il suggeritore vince il Prix Polar e il Prix Livre de Poche, il pi\u00f9 importante premio dei lettori in Francia. Nel frattempo il romanzo ha venduto oltre un milione di copie nel mondo.<br \/>\nAprile 2013 Mila Vasquez, la protagonista del Suggeritore, torna nel romanzo bestseller L\u2019ipotesi del male.<br \/>\nSettembre 2014 Roma \u00e8 ancora il teatro del nuovo, attesissimo romanzo: Il cacciatore del buio.<br \/>\nAlcuni giudizi sul Suggeritore:<br \/>\n\u00abFantastico! Un libro eccellente.\u00bb<br \/>\nMichael Connelly<br \/>\n\u00abQuesto romanzo \u00e8 stato il mio paradiso.\u00bb<br \/>\nKen Follett<br \/>\n* * *<br \/>\n* * *<br \/>\n**Ultima lettura del libro:** 2012-05-08 03:18:32<br \/>\n **Percentuale letta:** 1%<br \/>\n* * *<\/p>\n","protected":false},"excerpt":{"rendered":"<p>\u00abSe non sar\u00e0 fermato, non si fermer\u00e0.\u00bb Non esistono indizi, ma segni. Non esistono crimini, solo anomalie. E ogni morte \u00e8 l\u2019inizio di un racconto. Questo \u00e8 il romanzo di un uomo che non ha pi\u00f9 niente \u2013 non ha identit\u00e0, non ha memoria, non ha amore n\u00e9 odio \u2013 se non la propria rabbia\u2026 [&hellip;]<\/p>\n","protected":false},"author":1,"featured_media":12745,"comment_status":"open","ping_status":"open","sticky":false,"template":"","format":"standard","meta":{"_acf_changed":false,"footnotes":""},"categories":[1],"tags":[],"class_list":["post-12744","post","type-post","status-publish","format-standard","has-post-thumbnail","hentry","category-ebook"],"acf":[],"_links":{"self":[{"href":"https:\/\/malamaur.it\/index.php\/wp-json\/wp\/v2\/posts\/12744","targetHints":{"allow":["GET"]}}],"collection":[{"href":"https:\/\/malamaur.it\/index.php\/wp-json\/wp\/v2\/posts"}],"about":[{"href":"https:\/\/malamaur.it\/index.php\/wp-json\/wp\/v2\/types\/post"}],"author":[{"embeddable":true,"href":"https:\/\/malamaur.it\/index.php\/wp-json\/wp\/v2\/users\/1"}],"replies":[{"embeddable":true,"href":"https:\/\/malamaur.it\/index.php\/wp-json\/wp\/v2\/comments?post=12744"}],"version-history":[{"count":0,"href":"https:\/\/malamaur.it\/index.php\/wp-json\/wp\/v2\/posts\/12744\/revisions"}],"wp:featuredmedia":[{"embeddable":true,"href":"https:\/\/malamaur.it\/index.php\/wp-json\/wp\/v2\/media\/12745"}],"wp:attachment":[{"href":"https:\/\/malamaur.it\/index.php\/wp-json\/wp\/v2\/media?parent=12744"}],"wp:term":[{"taxonomy":"category","embeddable":true,"href":"https:\/\/malamaur.it\/index.php\/wp-json\/wp\/v2\/categories?post=12744"},{"taxonomy":"post_tag","embeddable":true,"href":"https:\/\/malamaur.it\/index.php\/wp-json\/wp\/v2\/tags?post=12744"}],"curies":[{"name":"wp","href":"https:\/\/api.w.org\/{rel}","templated":true}]}}