{"id":12778,"date":"2025-09-05T14:20:06","date_gmt":"2025-09-05T12:20:06","guid":{"rendered":"https:\/\/malamaur.it\/index.php\/2025\/09\/05\/quando-tutto-questo-sara-finito-storia-della-mia-famiglia-perseguitata-dalle-leggi-razziali\/"},"modified":"2025-09-05T14:20:06","modified_gmt":"2025-09-05T12:20:06","slug":"quando-tutto-questo-sara-finito-storia-della-mia-famiglia-perseguitata-dalle-leggi-razziali","status":"publish","type":"post","link":"https:\/\/malamaur.it\/index.php\/2025\/09\/05\/quando-tutto-questo-sara-finito-storia-della-mia-famiglia-perseguitata-dalle-leggi-razziali\/","title":{"rendered":"Quando tutto questo sar\u00e0 finito: Storia della mia famiglia perseguitata dalle leggi razziali"},"content":{"rendered":"<p>Gioele Dix sapeva che suo padre Vittorio custodiva una storia, ma per anni non era riuscito a farsela raccontare. Perch\u00e9 a volte chi \u00e8 passato da certi crepacci della Storia, chi ha vissuto l&#8217;assurdo e l&#8217;orrore, non ha molta voglia di scendere nei dettagli. Finch\u00e9 un giorno finalmente lo ha convinto, si \u00e8 seduto davanti a lui e si \u00e8 messo ad ascoltare. Ne \u00e8 nato questo libro intenso e prezioso: la storia di una famiglia di ebrei italiani, era il 1938, che come molte altre fu colta di sorpresa dalle leggi razziali. Di un ragazzino che non capisce perch\u00e9 deve lasciare la propria scuola, la propria casa, mettere tutto quello che pu\u00f2 dentro uno zaino e fuggire. Una storia di paure, di scelte fatali, di umiliazioni. Ma anche di lampi di inaspettata bont\u00e0 umana, di angeli all&#8217;inferno. Di fiducia, speranza, ostinato ottimismo. Una storia di emozioni, di affetti, che in mezzo alla tragedia diventano pi\u00f9 forti e forse pi\u00f9 puri. La storia di un padre e di un figlio, raccontata da un padre a un figlio. E che senza volerlo diventa una lezione di Storia e di vita.<\/p>\n","protected":false},"excerpt":{"rendered":"<p>Gioele Dix sapeva che suo padre Vittorio custodiva una storia, ma per anni non era riuscito a farsela raccontare. Perch\u00e9 a volte chi \u00e8 passato da certi crepacci della Storia, chi ha vissuto l&#8217;assurdo e l&#8217;orrore, non ha molta voglia di scendere nei dettagli. Finch\u00e9 un giorno finalmente lo ha convinto, si \u00e8 seduto davanti [&hellip;]<\/p>\n","protected":false},"author":1,"featured_media":12779,"comment_status":"open","ping_status":"open","sticky":false,"template":"","format":"standard","meta":{"_acf_changed":false,"footnotes":""},"categories":[1],"tags":[],"class_list":["post-12778","post","type-post","status-publish","format-standard","has-post-thumbnail","hentry","category-ebook"],"acf":[],"_links":{"self":[{"href":"https:\/\/malamaur.it\/index.php\/wp-json\/wp\/v2\/posts\/12778","targetHints":{"allow":["GET"]}}],"collection":[{"href":"https:\/\/malamaur.it\/index.php\/wp-json\/wp\/v2\/posts"}],"about":[{"href":"https:\/\/malamaur.it\/index.php\/wp-json\/wp\/v2\/types\/post"}],"author":[{"embeddable":true,"href":"https:\/\/malamaur.it\/index.php\/wp-json\/wp\/v2\/users\/1"}],"replies":[{"embeddable":true,"href":"https:\/\/malamaur.it\/index.php\/wp-json\/wp\/v2\/comments?post=12778"}],"version-history":[{"count":0,"href":"https:\/\/malamaur.it\/index.php\/wp-json\/wp\/v2\/posts\/12778\/revisions"}],"wp:featuredmedia":[{"embeddable":true,"href":"https:\/\/malamaur.it\/index.php\/wp-json\/wp\/v2\/media\/12779"}],"wp:attachment":[{"href":"https:\/\/malamaur.it\/index.php\/wp-json\/wp\/v2\/media?parent=12778"}],"wp:term":[{"taxonomy":"category","embeddable":true,"href":"https:\/\/malamaur.it\/index.php\/wp-json\/wp\/v2\/categories?post=12778"},{"taxonomy":"post_tag","embeddable":true,"href":"https:\/\/malamaur.it\/index.php\/wp-json\/wp\/v2\/tags?post=12778"}],"curies":[{"name":"wp","href":"https:\/\/api.w.org\/{rel}","templated":true}]}}