{"id":12784,"date":"2025-09-05T14:20:07","date_gmt":"2025-09-05T12:20:07","guid":{"rendered":"https:\/\/malamaur.it\/index.php\/2025\/09\/05\/la-mia-maledizione\/"},"modified":"2025-09-05T14:20:07","modified_gmt":"2025-09-05T12:20:07","slug":"la-mia-maledizione","status":"publish","type":"post","link":"https:\/\/malamaur.it\/index.php\/2025\/09\/05\/la-mia-maledizione\/","title":{"rendered":"La mia maledizione"},"content":{"rendered":"<p>L&#8217;adolescenza \u00e8 il tempo in cui si misurano gli spazi: del mondo fuori e dentro di s\u00e9. Ecco il motivo per cui Emilio si aggira per Nuoro sentendosi una \u00abcreatura di un mondo diverso gettata per palese ingiustizia in un ricettacolo di barbarie\u00bb. Forse perch\u00e9 arriva da Oristano, forse perch\u00e9 \u00e8 ricco, forse perch\u00e9 \u00e8 figlio dell&#8217;ingegner Corona, che ha costruito mezza Sardegna. Pasquale Cosseddu, invece, \u00e8 \u00abla Fogna\u00bb: indossa maglioni dozzinali, in testa ha un groviglio di capelli sporchi, e puzza terribilmente. Solo quando si arrampica sugli alberi o si rotola nelle foglie la sua vera indole &#8211; di capra, o di angelo &#8211; si rivela. Non c&#8217;\u00e8 ragione al mondo per cui debbano diventare amici. Ma quando si ritrova Cosseddu come compagno di banco, Emilio intuisce, e volontariamente sceglie, la sua maledizione. Alessandro De Roma affronta di petto una storia colma di cattiveria e di dolcezza: le prove generali della vita adulta. La Sardegna urbana degli anni Novanta, lontana dal folklore, fa da sfondo a un romanzo potente, sottile nello scavo psicologico, che parla alla parte pi\u00fa profonda di tutti noi: quella che &#8211; per convenienza, vergogna, o semplice paura &#8211; preferiamo tenere nascosta. \u00abCon Cosseddu io ero bambino e re del mondo. Quello era il dono che lui aveva fatto a me, mentre io gli davo la tenerezza che non avrebbe potuto trovare altrove. Correvamo sui muschi scivolosi e cadevamo rialzandoci senza lamentarci del dolore; e in questo esercizio lui era mille volte pi\u00fa bravo di me\u00bb. *** \u00abEra un tempo di attesa fatto di moltissime ore e giorni, animato da un rancore inesprimibile e astratto e, pi\u00fa di ogni cosa, dalla paura: di sbagliare, di essere meno intelligente degli altri, niente affatto simpatico. Gli anni dorati dell&#8217;adolescenza\u00bb.<\/p>\n","protected":false},"excerpt":{"rendered":"<p>L&#8217;adolescenza \u00e8 il tempo in cui si misurano gli spazi: del mondo fuori e dentro di s\u00e9. Ecco il motivo per cui Emilio si aggira per Nuoro sentendosi una \u00abcreatura di un mondo diverso gettata per palese ingiustizia in un ricettacolo di barbarie\u00bb. Forse perch\u00e9 arriva da Oristano, forse perch\u00e9 \u00e8 ricco, forse perch\u00e9 \u00e8 [&hellip;]<\/p>\n","protected":false},"author":1,"featured_media":12785,"comment_status":"open","ping_status":"open","sticky":false,"template":"","format":"standard","meta":{"_acf_changed":false,"footnotes":""},"categories":[1],"tags":[],"class_list":["post-12784","post","type-post","status-publish","format-standard","has-post-thumbnail","hentry","category-ebook"],"acf":[],"_links":{"self":[{"href":"https:\/\/malamaur.it\/index.php\/wp-json\/wp\/v2\/posts\/12784","targetHints":{"allow":["GET"]}}],"collection":[{"href":"https:\/\/malamaur.it\/index.php\/wp-json\/wp\/v2\/posts"}],"about":[{"href":"https:\/\/malamaur.it\/index.php\/wp-json\/wp\/v2\/types\/post"}],"author":[{"embeddable":true,"href":"https:\/\/malamaur.it\/index.php\/wp-json\/wp\/v2\/users\/1"}],"replies":[{"embeddable":true,"href":"https:\/\/malamaur.it\/index.php\/wp-json\/wp\/v2\/comments?post=12784"}],"version-history":[{"count":0,"href":"https:\/\/malamaur.it\/index.php\/wp-json\/wp\/v2\/posts\/12784\/revisions"}],"wp:featuredmedia":[{"embeddable":true,"href":"https:\/\/malamaur.it\/index.php\/wp-json\/wp\/v2\/media\/12785"}],"wp:attachment":[{"href":"https:\/\/malamaur.it\/index.php\/wp-json\/wp\/v2\/media?parent=12784"}],"wp:term":[{"taxonomy":"category","embeddable":true,"href":"https:\/\/malamaur.it\/index.php\/wp-json\/wp\/v2\/categories?post=12784"},{"taxonomy":"post_tag","embeddable":true,"href":"https:\/\/malamaur.it\/index.php\/wp-json\/wp\/v2\/tags?post=12784"}],"curies":[{"name":"wp","href":"https:\/\/api.w.org\/{rel}","templated":true}]}}