{"id":13218,"date":"2025-09-05T14:21:57","date_gmt":"2025-09-05T12:21:57","guid":{"rendered":"https:\/\/malamaur.it\/index.php\/2025\/09\/05\/il-guardiano-del-faro\/"},"modified":"2025-09-05T14:21:57","modified_gmt":"2025-09-05T12:21:57","slug":"il-guardiano-del-faro","status":"publish","type":"post","link":"https:\/\/malamaur.it\/index.php\/2025\/09\/05\/il-guardiano-del-faro\/","title":{"rendered":"Il guardiano del faro"},"content":{"rendered":"<p>Dalla giallista svedese pi\u00f9 amata nel mondo, un nuovo omicidio tra i fiordi per Erica Falck e Patrick Hedstr\u00f6m<br \/>\nIn una notte d\u2019inizio estate, un\u2019auto percorre a gran velocit\u00e0 la strada che collega Stoccolma alla costa occidentale. La donna al volante ha le mani sporche di sangue. Insieme al figlio, Annie sta fuggendo verso Gr\u00e5sk\u00e4r, nell\u2019arcipelago di Fj\u00e4llbacka. Quell\u2019isola scabra, con il faro bianco e la vecchia casa del guardiano dove crescono le malvarose, appartiene alla sua famiglia ed \u00e8 l\u2019unico posto in cui lei si sente al sicuro, lontano da tutto. La leggenda popolare vuole che l\u00ec si aggirino gli spiriti dei morti, ma questo non la turba, anzi, in quel luogo cos\u00ec solitario, dove il suo sguardo pu\u00f2 spaziare solo su scogli e mare salato, ad Annie piace pensare che i fantasmi siano rimasti per farle compagnia. Intanto, a Fj\u00e4llbacka, Erica Falck \u00e8 totalmente assorbita dai suoi gemelli di pochi mesi, tanto pi\u00f9 che Patrik, da poco rientrato in servizio, \u00e8 alle prese con un\u2019indagine piuttosto spinosa: il dirigente del settore finanze del comune \u00e8 stato ucciso nel suo appartamento con un colpo di pistola alla nuca. Il movente dell\u2019omicidio sfugge e la vittima, che poco prima di morire aveva fatto visita ad Annie all\u2019isola degli spettri, sembra essere stato un uomo dai mille segreti. Sfidando un muro di silenzi, la polizia di Tanum scava nel suo passato e trova un collegamento con un\u2019associazione di sostegno a donne maltrattate. Una pista che permetter\u00e0 a Patrik, sostenuto dal calore di una famiglia solida e sempre pi\u00f9 numerosa, di portare alla luce i mondi calpestati di persone a cui la parola casa desta soltanto il ricordo di cicatrici, deboli ombre che solo nell\u2019amore per un figlio possono trovare la forza per continuare la loro fuga dal dolore che annienta ogni emozione, da caos e distruzione.<\/p>\n","protected":false},"excerpt":{"rendered":"<p>Dalla giallista svedese pi\u00f9 amata nel mondo, un nuovo omicidio tra i fiordi per Erica Falck e Patrick Hedstr\u00f6m In una notte d\u2019inizio estate, un\u2019auto percorre a gran velocit\u00e0 la strada che collega Stoccolma alla costa occidentale. La donna al volante ha le mani sporche di sangue. Insieme al figlio, Annie sta fuggendo verso Gr\u00e5sk\u00e4r, [&hellip;]<\/p>\n","protected":false},"author":1,"featured_media":13219,"comment_status":"open","ping_status":"open","sticky":false,"template":"","format":"standard","meta":{"_acf_changed":false,"footnotes":""},"categories":[1],"tags":[],"class_list":["post-13218","post","type-post","status-publish","format-standard","has-post-thumbnail","hentry","category-ebook"],"acf":[],"_links":{"self":[{"href":"https:\/\/malamaur.it\/index.php\/wp-json\/wp\/v2\/posts\/13218","targetHints":{"allow":["GET"]}}],"collection":[{"href":"https:\/\/malamaur.it\/index.php\/wp-json\/wp\/v2\/posts"}],"about":[{"href":"https:\/\/malamaur.it\/index.php\/wp-json\/wp\/v2\/types\/post"}],"author":[{"embeddable":true,"href":"https:\/\/malamaur.it\/index.php\/wp-json\/wp\/v2\/users\/1"}],"replies":[{"embeddable":true,"href":"https:\/\/malamaur.it\/index.php\/wp-json\/wp\/v2\/comments?post=13218"}],"version-history":[{"count":0,"href":"https:\/\/malamaur.it\/index.php\/wp-json\/wp\/v2\/posts\/13218\/revisions"}],"wp:featuredmedia":[{"embeddable":true,"href":"https:\/\/malamaur.it\/index.php\/wp-json\/wp\/v2\/media\/13219"}],"wp:attachment":[{"href":"https:\/\/malamaur.it\/index.php\/wp-json\/wp\/v2\/media?parent=13218"}],"wp:term":[{"taxonomy":"category","embeddable":true,"href":"https:\/\/malamaur.it\/index.php\/wp-json\/wp\/v2\/categories?post=13218"},{"taxonomy":"post_tag","embeddable":true,"href":"https:\/\/malamaur.it\/index.php\/wp-json\/wp\/v2\/tags?post=13218"}],"curies":[{"name":"wp","href":"https:\/\/api.w.org\/{rel}","templated":true}]}}