{"id":41095,"date":"2025-09-15T13:39:36","date_gmt":"2025-09-15T11:39:36","guid":{"rendered":"https:\/\/malamaur.it\/index.php\/2025\/09\/15\/panico-nello-shtetl\/"},"modified":"2025-09-15T13:39:36","modified_gmt":"2025-09-15T11:39:36","slug":"panico-nello-shtetl","status":"publish","type":"post","link":"https:\/\/malamaur.it\/index.php\/2025\/09\/15\/panico-nello-shtetl\/","title":{"rendered":"Panico nello shtetl"},"content":{"rendered":"<p>Per lungo tempo le misere condizioni di vita negli *shtetl* dell\u2019Europa orientale furono considerate con disprezzo dagli ebrei benestanti ed emancipati dell\u2019Occidente. Ben presto per\u00f2, soprattutto grazie ai racconti di Sholem Aleichem, Isacco Leyb Peretz e Mendele Moicher Sforim (i tre grandi autori classici della letteratura yiddish), si svilupp\u00f2 un modo diverso di guardare agli Ostjuden, gli ebrei orientali che vivevano come in un mondo a s\u00e9, impermeabile agli sviluppi della modernit\u00e0, e che sarebbero poi stati spazzati via con la seconda guerra mondiale.<br \/>\nSholem Aleichem, che in ebraico significa \u00abla pace sia con voi\u00bb, ha offerto coi suoi lavori un decisivo contributo al salvataggio della cultura yiddish. Al centro della sua prosa tagliente e umoristica c\u2019\u00e8 sempre la \u00abgente semplice\u00bb, con i suoi lati di luce e di ombra. I suoi racconti mescolano in modo inimitabile lo sguardo spassionato sulla vita appartata degli abitanti dello *shtetl* e il \u00abpanico\u00bb che si diffonde tra loro quando nel loro mondo irrompe la realt\u00e0 esterna, avversa ed estranea: quel \u00abpanico\u00bb che costituisce una sorta di filo conduttore dei racconti che qui vengono proposti per la prima volta in italiano.<br \/>\nNella sua vita, Aleichem soggiorn\u00f2 in varie localit\u00e0: da Kiev e Odessa alla Svizzera e all\u2019Inghilterra e infine agli Stati Uniti (New York), dove si trasfer\u00ec dopo i pogrom del 1905 e dove abit\u00f2 sino alla sua morte. Il corteo di centomila ebrei che lo accompagnarono nel suo ultimo viaggio e la chiusura dei negozi il giorno del suo funerale sono una dimostrazione del significato e dell\u2019importanza rivestita dalla sua figura per gli ebrei emigrati in America.<\/p>\n","protected":false},"excerpt":{"rendered":"<p>Per lungo tempo le misere condizioni di vita negli *shtetl* dell\u2019Europa orientale furono considerate con disprezzo dagli ebrei benestanti ed emancipati dell\u2019Occidente. Ben presto per\u00f2, soprattutto grazie ai racconti di Sholem Aleichem, Isacco Leyb Peretz e Mendele Moicher Sforim (i tre grandi autori classici della letteratura yiddish), si svilupp\u00f2 un modo diverso di guardare agli [&hellip;]<\/p>\n","protected":false},"author":1,"featured_media":22795,"comment_status":"open","ping_status":"open","sticky":false,"template":"","format":"standard","meta":{"_acf_changed":false,"footnotes":""},"categories":[1],"tags":[],"class_list":["post-41095","post","type-post","status-publish","format-standard","has-post-thumbnail","hentry","category-ebook"],"acf":[],"_links":{"self":[{"href":"https:\/\/malamaur.it\/index.php\/wp-json\/wp\/v2\/posts\/41095","targetHints":{"allow":["GET"]}}],"collection":[{"href":"https:\/\/malamaur.it\/index.php\/wp-json\/wp\/v2\/posts"}],"about":[{"href":"https:\/\/malamaur.it\/index.php\/wp-json\/wp\/v2\/types\/post"}],"author":[{"embeddable":true,"href":"https:\/\/malamaur.it\/index.php\/wp-json\/wp\/v2\/users\/1"}],"replies":[{"embeddable":true,"href":"https:\/\/malamaur.it\/index.php\/wp-json\/wp\/v2\/comments?post=41095"}],"version-history":[{"count":0,"href":"https:\/\/malamaur.it\/index.php\/wp-json\/wp\/v2\/posts\/41095\/revisions"}],"wp:featuredmedia":[{"embeddable":true,"href":"https:\/\/malamaur.it\/index.php\/wp-json\/wp\/v2\/media\/22795"}],"wp:attachment":[{"href":"https:\/\/malamaur.it\/index.php\/wp-json\/wp\/v2\/media?parent=41095"}],"wp:term":[{"taxonomy":"category","embeddable":true,"href":"https:\/\/malamaur.it\/index.php\/wp-json\/wp\/v2\/categories?post=41095"},{"taxonomy":"post_tag","embeddable":true,"href":"https:\/\/malamaur.it\/index.php\/wp-json\/wp\/v2\/tags?post=41095"}],"curies":[{"name":"wp","href":"https:\/\/api.w.org\/{rel}","templated":true}]}}