{"id":41165,"date":"2025-09-15T13:40:10","date_gmt":"2025-09-15T11:40:10","guid":{"rendered":"https:\/\/malamaur.it\/index.php\/2025\/09\/15\/il-cane\/"},"modified":"2025-09-15T13:40:10","modified_gmt":"2025-09-15T11:40:10","slug":"il-cane","status":"publish","type":"post","link":"https:\/\/malamaur.it\/index.php\/2025\/09\/15\/il-cane\/","title":{"rendered":"Il cane"},"content":{"rendered":"<p>Tutti lo chiamano il Cane e ha un talento eccezionale. Ma chi \u00e8 esattamente?<br \/>\nIl Cane \u00e8 un nessuno, uno sconosciuto. Dovrebbe avere vent&#8217;anni o gi\u00f9 di l\u00ec e si dice sia arrivato in Germania nascosto sul pianale di un camion polacco. Dicono che abbia trascorso l&#8217;infanzia rinchiuso in una specie di grotta in Kosovo e che la sua unica connessione con il mondo esterno fosse il cibo. Insomma \u00e8 un orfano sbucato dal nulla ma che ha sviluppato in modo incredibile il senso del gusto. E da questo gli deriva un dono straordinario: sa cucinare in un modo che ti spezza il cuore.<br \/>\nPer Mo, il narratore di questa storia, il Cane \u00e8 un fratello: si sono conosciuti nella miserabile bottega di kebab nella quale entrambi sgobbavano come schiavi. Ma il destino ha riservato loro qualcosa di molto diverso e in breve i due finiscono per essere assoldati in un ristorante di lusso pluristellato &#8211; El Cion &#8211; gestito da uno chef tanto sinistro, capriccioso, violento quanto leggendario, a nome Valentino. \u00c8 l&#8217;inizio di una strabiliante ascesa che porter\u00e0 il Cane a diventare una sorta di mito vivente sulla scena, isterica e spietata, della gastronomia internazionale fino alla surreale consacrazione da parte di Nido, un critico di fama mondiale.<br \/>\nLa storia del Cane \u00e8 una storia vera che smaschera cosa si nasconde dietro le superfici luccicanti delle cucine dei ristoranti di lusso? O \u00e8 una fiaba per i giorni nostri, brutale e insensata? Oppure ancora \u00e8 una parabola sulla nostra modernit\u00e0 globalizzata, fatta di falsi miti e di glorie quantomai effimere?<\/p>\n","protected":false},"excerpt":{"rendered":"<p>Tutti lo chiamano il Cane e ha un talento eccezionale. Ma chi \u00e8 esattamente? Il Cane \u00e8 un nessuno, uno sconosciuto. Dovrebbe avere vent&#8217;anni o gi\u00f9 di l\u00ec e si dice sia arrivato in Germania nascosto sul pianale di un camion polacco. Dicono che abbia trascorso l&#8217;infanzia rinchiuso in una specie di grotta in Kosovo [&hellip;]<\/p>\n","protected":false},"author":1,"featured_media":22795,"comment_status":"open","ping_status":"open","sticky":false,"template":"","format":"standard","meta":{"_acf_changed":false,"footnotes":""},"categories":[1],"tags":[],"class_list":["post-41165","post","type-post","status-publish","format-standard","has-post-thumbnail","hentry","category-ebook"],"acf":[],"_links":{"self":[{"href":"https:\/\/malamaur.it\/index.php\/wp-json\/wp\/v2\/posts\/41165","targetHints":{"allow":["GET"]}}],"collection":[{"href":"https:\/\/malamaur.it\/index.php\/wp-json\/wp\/v2\/posts"}],"about":[{"href":"https:\/\/malamaur.it\/index.php\/wp-json\/wp\/v2\/types\/post"}],"author":[{"embeddable":true,"href":"https:\/\/malamaur.it\/index.php\/wp-json\/wp\/v2\/users\/1"}],"replies":[{"embeddable":true,"href":"https:\/\/malamaur.it\/index.php\/wp-json\/wp\/v2\/comments?post=41165"}],"version-history":[{"count":0,"href":"https:\/\/malamaur.it\/index.php\/wp-json\/wp\/v2\/posts\/41165\/revisions"}],"wp:featuredmedia":[{"embeddable":true,"href":"https:\/\/malamaur.it\/index.php\/wp-json\/wp\/v2\/media\/22795"}],"wp:attachment":[{"href":"https:\/\/malamaur.it\/index.php\/wp-json\/wp\/v2\/media?parent=41165"}],"wp:term":[{"taxonomy":"category","embeddable":true,"href":"https:\/\/malamaur.it\/index.php\/wp-json\/wp\/v2\/categories?post=41165"},{"taxonomy":"post_tag","embeddable":true,"href":"https:\/\/malamaur.it\/index.php\/wp-json\/wp\/v2\/tags?post=41165"}],"curies":[{"name":"wp","href":"https:\/\/api.w.org\/{rel}","templated":true}]}}