{"id":41537,"date":"2025-09-15T14:09:08","date_gmt":"2025-09-15T12:09:08","guid":{"rendered":"https:\/\/malamaur.it\/index.php\/2025\/09\/15\/pancia-dasino\/"},"modified":"2025-09-15T14:09:08","modified_gmt":"2025-09-15T12:09:08","slug":"pancia-dasino","status":"publish","type":"post","link":"https:\/\/malamaur.it\/index.php\/2025\/09\/15\/pancia-dasino\/","title":{"rendered":"Pancia d&#8217;asino"},"content":{"rendered":"<p>L\u2019estate di due ragazzine di dieci anni in un barrio del nord di Tenerife, a pochi chilometri eppure lontanissimo dalle spiagge turistiche, con l\u2019unica strada che si inerpica verso il vulcano e, nel cielo, un\u2019eterna cappa di basse nuvole grigie, la pancia d\u2019asino. Diversi sono i motivi per cui il romanzo d\u2019esordio di Andrea Abreu \u00e8 parso, al pubblico che ne ha decretato il successo imprevisto, un libro davvero nuovo, di rara e convincente originalit\u00e0. C\u2019\u00e8 la lingua, una miscela efficacissima di espressioni tipiche del dialetto delle Canarie e di lessico familiare, qui resa magistralmente da Ilide Carmignani. E l\u2019ambientazione: l\u2019isola \u00abreale\u00bb, distante da ogni stereotipo vacanziero, un mondo antico e separato, dominato da anziane matrone che dirigono le vite dei bambini, con la generazione di mezzo risucchiata dal lavoro \u00abal Sud\u00bb, fra gli hotel e i cantieri. E soprattutto la storia \u2013 straordinaria e comunissima assieme \u2013 di un\u2019amicizia nel passaggio tra l\u2019infanzia e l\u2019adolescenza. Il legame tra l\u2019anonima narratrice e Isora, pi\u00f9 grande, pi\u00f9 forte, inquieta tiranna dal fascino irresistibile, \u00e8 raccontato con una potenza inusitata, senza pudori, con una capacit\u00e0 di farci (ri)vivere avventure e sensazioni di un momento fondamentale della vita che trova pochi paragoni nella letteratura di oggi. Emozionante, vivacissimo, a tratti duro fino a sfiorare la crudezza, Pancia d\u2019asino \u00e8 un romanzo che lascer\u00e0 un segno profondo e duraturo in chiunque lo legga.<\/p>\n","protected":false},"excerpt":{"rendered":"<p>L\u2019estate di due ragazzine di dieci anni in un barrio del nord di Tenerife, a pochi chilometri eppure lontanissimo dalle spiagge turistiche, con l\u2019unica strada che si inerpica verso il vulcano e, nel cielo, un\u2019eterna cappa di basse nuvole grigie, la pancia d\u2019asino. Diversi sono i motivi per cui il romanzo d\u2019esordio di Andrea Abreu [&hellip;]<\/p>\n","protected":false},"author":1,"featured_media":41538,"comment_status":"open","ping_status":"open","sticky":false,"template":"","format":"standard","meta":{"_acf_changed":false,"footnotes":""},"categories":[1],"tags":[],"class_list":["post-41537","post","type-post","status-publish","format-standard","has-post-thumbnail","hentry","category-ebook"],"acf":[],"_links":{"self":[{"href":"https:\/\/malamaur.it\/index.php\/wp-json\/wp\/v2\/posts\/41537","targetHints":{"allow":["GET"]}}],"collection":[{"href":"https:\/\/malamaur.it\/index.php\/wp-json\/wp\/v2\/posts"}],"about":[{"href":"https:\/\/malamaur.it\/index.php\/wp-json\/wp\/v2\/types\/post"}],"author":[{"embeddable":true,"href":"https:\/\/malamaur.it\/index.php\/wp-json\/wp\/v2\/users\/1"}],"replies":[{"embeddable":true,"href":"https:\/\/malamaur.it\/index.php\/wp-json\/wp\/v2\/comments?post=41537"}],"version-history":[{"count":0,"href":"https:\/\/malamaur.it\/index.php\/wp-json\/wp\/v2\/posts\/41537\/revisions"}],"wp:featuredmedia":[{"embeddable":true,"href":"https:\/\/malamaur.it\/index.php\/wp-json\/wp\/v2\/media\/41538"}],"wp:attachment":[{"href":"https:\/\/malamaur.it\/index.php\/wp-json\/wp\/v2\/media?parent=41537"}],"wp:term":[{"taxonomy":"category","embeddable":true,"href":"https:\/\/malamaur.it\/index.php\/wp-json\/wp\/v2\/categories?post=41537"},{"taxonomy":"post_tag","embeddable":true,"href":"https:\/\/malamaur.it\/index.php\/wp-json\/wp\/v2\/tags?post=41537"}],"curies":[{"name":"wp","href":"https:\/\/api.w.org\/{rel}","templated":true}]}}