{"id":41571,"date":"2025-09-15T14:09:37","date_gmt":"2025-09-15T12:09:37","guid":{"rendered":"https:\/\/malamaur.it\/index.php\/2025\/09\/15\/laltare-della-paura\/"},"modified":"2025-09-15T14:09:37","modified_gmt":"2025-09-15T12:09:37","slug":"laltare-della-paura","status":"publish","type":"post","link":"https:\/\/malamaur.it\/index.php\/2025\/09\/15\/laltare-della-paura\/","title":{"rendered":"L&#8217;altare della paura"},"content":{"rendered":"<p>Nella cappella alsaziana di Saint-Ambroise si riesce ancora a udire il fragore che ha accompagnato il crollo improvviso della cupola e la morte del vescovo Samuel, il cui corpo giace ormai senza vita sotto le macerie. A un primo sguardo, parrebbe trattarsi di un semplice incidente. Ma da alcuni dettagli non \u00e8 possibile escludere l\u2019ipotesi di un omicidio. \u00c8 questo che pensano il detective Pierre Ni\u00e9mans e il suo braccio destro, Ivana Bogdanovi\u0107, non appena visitano la scena del disastro. E scoprono che il luogo appartiene a una piccola comunit\u00e0 anabattista chiusa al resto del mondo. I suoi membri si fanno chiamare \u00abvendemmiatori di Dio\u00bb perch\u00e9 vivono dei soli proventi di un vasto vigneto e si considerano gli unici emissari di un messaggio divino di purezza e integrit\u00e0 religiosa. Eppure, dietro una facciata di rettitudine e devozione, si cela una storia di rapporti coercitivi e malsani. Di promesse e giuramenti che non lasciano scampo. Di sacrifici che vanno oltre l\u2019immaginabile e trovano la loro origine in un\u2019interpretazione promiscua delle Scritture. Pi\u00f9 Ni\u00e9mans e Bogdanovi\u0107 entrano in questa realt\u00e0 fuori dal tempo, pi\u00f9 si rendono conto di quanto sia difficile stabilire un confine tra bene e male, tra fede e fanatismo. Ma i due detective sono disposti a tutto pur di scoprire la verit\u00e0. Anche a offrirsi come vittime sacrificali se serve a risparmiare vite innocenti ed evitare ulteriori spargimenti di sangue.<\/p>\n","protected":false},"excerpt":{"rendered":"<p>Nella cappella alsaziana di Saint-Ambroise si riesce ancora a udire il fragore che ha accompagnato il crollo improvviso della cupola e la morte del vescovo Samuel, il cui corpo giace ormai senza vita sotto le macerie. A un primo sguardo, parrebbe trattarsi di un semplice incidente. Ma da alcuni dettagli non \u00e8 possibile escludere l\u2019ipotesi [&hellip;]<\/p>\n","protected":false},"author":1,"featured_media":41572,"comment_status":"open","ping_status":"open","sticky":false,"template":"","format":"standard","meta":{"_acf_changed":false,"footnotes":""},"categories":[1],"tags":[],"class_list":["post-41571","post","type-post","status-publish","format-standard","has-post-thumbnail","hentry","category-ebook"],"acf":[],"_links":{"self":[{"href":"https:\/\/malamaur.it\/index.php\/wp-json\/wp\/v2\/posts\/41571","targetHints":{"allow":["GET"]}}],"collection":[{"href":"https:\/\/malamaur.it\/index.php\/wp-json\/wp\/v2\/posts"}],"about":[{"href":"https:\/\/malamaur.it\/index.php\/wp-json\/wp\/v2\/types\/post"}],"author":[{"embeddable":true,"href":"https:\/\/malamaur.it\/index.php\/wp-json\/wp\/v2\/users\/1"}],"replies":[{"embeddable":true,"href":"https:\/\/malamaur.it\/index.php\/wp-json\/wp\/v2\/comments?post=41571"}],"version-history":[{"count":0,"href":"https:\/\/malamaur.it\/index.php\/wp-json\/wp\/v2\/posts\/41571\/revisions"}],"wp:featuredmedia":[{"embeddable":true,"href":"https:\/\/malamaur.it\/index.php\/wp-json\/wp\/v2\/media\/41572"}],"wp:attachment":[{"href":"https:\/\/malamaur.it\/index.php\/wp-json\/wp\/v2\/media?parent=41571"}],"wp:term":[{"taxonomy":"category","embeddable":true,"href":"https:\/\/malamaur.it\/index.php\/wp-json\/wp\/v2\/categories?post=41571"},{"taxonomy":"post_tag","embeddable":true,"href":"https:\/\/malamaur.it\/index.php\/wp-json\/wp\/v2\/tags?post=41571"}],"curies":[{"name":"wp","href":"https:\/\/api.w.org\/{rel}","templated":true}]}}