{"id":41591,"date":"2025-09-15T14:09:57","date_gmt":"2025-09-15T12:09:57","guid":{"rendered":"https:\/\/malamaur.it\/index.php\/2025\/09\/15\/la-ragazza-del-collegio\/"},"modified":"2025-09-15T14:09:57","modified_gmt":"2025-09-15T12:09:57","slug":"la-ragazza-del-collegio","status":"publish","type":"post","link":"https:\/\/malamaur.it\/index.php\/2025\/09\/15\/la-ragazza-del-collegio\/","title":{"rendered":"La ragazza del collegio"},"content":{"rendered":"<p>Alice \u00e8 tornata dopo un intenso periodo vissuto a Washington insieme a Claudio Conforti, e c\u2019\u00e8 una ragione precisa dietro la decisione della coppia pi\u00f9 scintillante della medicina legale. Per Claudio, infatti, questa \u00e8 l\u2019occasione della vita: la Wally sta per andare in pensione e la corsa alla successione in qualit\u00e0 di direttore dell\u2019istituto sembra aperta e subito chiusa: CC appare come la persona ideale per assurgere al ruolo di nuovo \u00abSupremo\u00bb dell\u2019istituto. Ma, mentre lo scatto di carriera di Claudio, contro ogni previsione, si rivela tutt\u2019altro che facile, Alice \u2013 ora medico legale praticante a tutti gli effetti \u2013 si trova coin\u00advol\u00adta non in uno ma in ben due casi che presto si dimostrano in grado di mettere alla prova il suo ben noto fiuto investigativo. Da un lato, l\u2019incidente stradale di cui \u00e8 vittima una giovane studentessa di un prestigioso collegio potrebbe nascondere qualcosa di pi\u00f9 terribile della semplice fatalit\u00e0, anche perch\u00e9 il colpevole \u00e8 fuggito e sembra impossibile stanarlo. E dall\u2019altro c\u2019\u00e8 di mezzo un bambino smarrito che non parla e di cui non si sa bene nemmeno l\u2019et\u00e0. Spinta dalla sua naturale empatia, e da una buona dose di voglia di ficcanasare, Alice si trover\u00e0 coinvolta dalle due vicende, molto pi\u00f9 intimamente di quanto lei (e CC stesso) si potevano mai immaginare.<\/p>\n","protected":false},"excerpt":{"rendered":"<p>Alice \u00e8 tornata dopo un intenso periodo vissuto a Washington insieme a Claudio Conforti, e c\u2019\u00e8 una ragione precisa dietro la decisione della coppia pi\u00f9 scintillante della medicina legale. Per Claudio, infatti, questa \u00e8 l\u2019occasione della vita: la Wally sta per andare in pensione e la corsa alla successione in qualit\u00e0 di direttore dell\u2019istituto sembra [&hellip;]<\/p>\n","protected":false},"author":1,"featured_media":41592,"comment_status":"open","ping_status":"open","sticky":false,"template":"","format":"standard","meta":{"_acf_changed":false,"footnotes":""},"categories":[1],"tags":[],"class_list":["post-41591","post","type-post","status-publish","format-standard","has-post-thumbnail","hentry","category-ebook"],"acf":[],"_links":{"self":[{"href":"https:\/\/malamaur.it\/index.php\/wp-json\/wp\/v2\/posts\/41591","targetHints":{"allow":["GET"]}}],"collection":[{"href":"https:\/\/malamaur.it\/index.php\/wp-json\/wp\/v2\/posts"}],"about":[{"href":"https:\/\/malamaur.it\/index.php\/wp-json\/wp\/v2\/types\/post"}],"author":[{"embeddable":true,"href":"https:\/\/malamaur.it\/index.php\/wp-json\/wp\/v2\/users\/1"}],"replies":[{"embeddable":true,"href":"https:\/\/malamaur.it\/index.php\/wp-json\/wp\/v2\/comments?post=41591"}],"version-history":[{"count":0,"href":"https:\/\/malamaur.it\/index.php\/wp-json\/wp\/v2\/posts\/41591\/revisions"}],"wp:featuredmedia":[{"embeddable":true,"href":"https:\/\/malamaur.it\/index.php\/wp-json\/wp\/v2\/media\/41592"}],"wp:attachment":[{"href":"https:\/\/malamaur.it\/index.php\/wp-json\/wp\/v2\/media?parent=41591"}],"wp:term":[{"taxonomy":"category","embeddable":true,"href":"https:\/\/malamaur.it\/index.php\/wp-json\/wp\/v2\/categories?post=41591"},{"taxonomy":"post_tag","embeddable":true,"href":"https:\/\/malamaur.it\/index.php\/wp-json\/wp\/v2\/tags?post=41591"}],"curies":[{"name":"wp","href":"https:\/\/api.w.org\/{rel}","templated":true}]}}