{"id":41607,"date":"2025-09-15T14:10:12","date_gmt":"2025-09-15T12:10:12","guid":{"rendered":"https:\/\/malamaur.it\/index.php\/2025\/09\/15\/la-lunga-notte\/"},"modified":"2025-09-15T14:10:12","modified_gmt":"2025-09-15T12:10:12","slug":"la-lunga-notte","status":"publish","type":"post","link":"https:\/\/malamaur.it\/index.php\/2025\/09\/15\/la-lunga-notte\/","title":{"rendered":"La lunga notte"},"content":{"rendered":"<p>\u00c8 il 6 settembre 1943 e Roma si trova nell&#8217;occhio del ciclone. Gi\u00e0 duramente provata dal tragico bombardamento del 19 luglio, la citt\u00e0 si risveglia ogni giorno in una cupa atmosfera di incertezza e precariet\u00e0. Oscuramento, coprifuoco, sirene antiaeree fanno ormai parte del quotidiano di una popolazione stremata e sfiduciata. Il capitano dei Carabinieri Bruno Arcieri viene reclutato dai nuovi vertici del SIM per una missione segretissima e di vitale importanza, da cui potrebbero dipendere le sorti non solo della Capitale, ma dell&#8217;Italia intera. Infatti, solo l&#8217;intervento tempestivo delle truppe anglo-americane, gi\u00e0 sbarcate al Sud, potr\u00e0 contrastare la furiosa rappresaglia dei tedeschi, che scatter\u00e0 non appena verr\u00e0 dato il fatale annuncio della firma dell&#8217;armistizio. Cos\u00ec Arcieri riceve l&#8217;incarico di attivare il contatto con due misteriosi emissari degli Alleati, che a breve dovrebbero giungere in citt\u00e0, in incognito. Ma la sua attenzione \u00e8 in parte distratta da una drammatica vicenda che coinvolge la sua fidanzata Elena Contini e ne mette a repentaglio la libert\u00e0, se non la vita&#8230;<br \/>\nLeonardo Gori ricostruisce con sguardo lucido e preciso la tesa cronaca dei tre giorni che cambiarono per sempre il destino dell&#8217;Italia, restituendo a ciascuno le proprie ragioni, e intrecciando sapientemente la fitta trama della Storia alle complicate vicissitudini e al travaglio interiore dei suoi personaggi.<\/p>\n","protected":false},"excerpt":{"rendered":"<p>\u00c8 il 6 settembre 1943 e Roma si trova nell&#8217;occhio del ciclone. Gi\u00e0 duramente provata dal tragico bombardamento del 19 luglio, la citt\u00e0 si risveglia ogni giorno in una cupa atmosfera di incertezza e precariet\u00e0. Oscuramento, coprifuoco, sirene antiaeree fanno ormai parte del quotidiano di una popolazione stremata e sfiduciata. Il capitano dei Carabinieri Bruno [&hellip;]<\/p>\n","protected":false},"author":1,"featured_media":41608,"comment_status":"open","ping_status":"open","sticky":false,"template":"","format":"standard","meta":{"_acf_changed":false,"footnotes":""},"categories":[1],"tags":[],"class_list":["post-41607","post","type-post","status-publish","format-standard","has-post-thumbnail","hentry","category-ebook"],"acf":[],"_links":{"self":[{"href":"https:\/\/malamaur.it\/index.php\/wp-json\/wp\/v2\/posts\/41607","targetHints":{"allow":["GET"]}}],"collection":[{"href":"https:\/\/malamaur.it\/index.php\/wp-json\/wp\/v2\/posts"}],"about":[{"href":"https:\/\/malamaur.it\/index.php\/wp-json\/wp\/v2\/types\/post"}],"author":[{"embeddable":true,"href":"https:\/\/malamaur.it\/index.php\/wp-json\/wp\/v2\/users\/1"}],"replies":[{"embeddable":true,"href":"https:\/\/malamaur.it\/index.php\/wp-json\/wp\/v2\/comments?post=41607"}],"version-history":[{"count":0,"href":"https:\/\/malamaur.it\/index.php\/wp-json\/wp\/v2\/posts\/41607\/revisions"}],"wp:featuredmedia":[{"embeddable":true,"href":"https:\/\/malamaur.it\/index.php\/wp-json\/wp\/v2\/media\/41608"}],"wp:attachment":[{"href":"https:\/\/malamaur.it\/index.php\/wp-json\/wp\/v2\/media?parent=41607"}],"wp:term":[{"taxonomy":"category","embeddable":true,"href":"https:\/\/malamaur.it\/index.php\/wp-json\/wp\/v2\/categories?post=41607"},{"taxonomy":"post_tag","embeddable":true,"href":"https:\/\/malamaur.it\/index.php\/wp-json\/wp\/v2\/tags?post=41607"}],"curies":[{"name":"wp","href":"https:\/\/api.w.org\/{rel}","templated":true}]}}