{"id":41679,"date":"2025-09-15T14:11:21","date_gmt":"2025-09-15T12:11:21","guid":{"rendered":"https:\/\/malamaur.it\/index.php\/2025\/09\/15\/lordine-delle-cose\/"},"modified":"2025-09-15T14:11:21","modified_gmt":"2025-09-15T12:11:21","slug":"lordine-delle-cose","status":"publish","type":"post","link":"https:\/\/malamaur.it\/index.php\/2025\/09\/15\/lordine-delle-cose\/","title":{"rendered":"L&#8217;ordine delle cose"},"content":{"rendered":"<p>Le battaglie contro pervicaci rose rampicanti e i progetti per eleganti bordure all\u2019inglese; i bicchieri di barbera goduti in religioso silenzio con l\u2019amico Osvaldo e le mai pi\u00f9 di tre parole scambiate con gli altri val\u00ect. \u00c8 questa la sua vita da giardiniere, e a Guido sta bene cos\u00ec. Meglio che il passato \u2013 l\u2019appartamento a Parigi e il lavoro di \u00abnaso\u00bb per una prestigiosa casa profumiera \u2013 rimanga dov\u2019\u00e8 e non superi le montagne della Valle Cervo, il luogo che l\u2019ha visto nascere e che, dopo vent\u2019anni, lo ha riaccolto alla sua maniera, senza cerimonie. Una valle che, come lui, custodisce molti ricordi e molti segreti, e che adesso sembra sia stata dimenticata da Dio e dagli uomini. A rompere l\u2019equilibrio ci pensa una visita del commissario per una sorta di consulenza botanica. In citt\u00e0 \u00e8 stata uccisa una donna, gli indizi scarseggiano e allora tutto potrebbe essere utile all\u2019indagine, come la busta piena di semi trovata in una tasca del suo vestito. Ma che tipo di semi sono? Per Guido alcuni sono semplici da riconoscere, mentre altri sono un vero e proprio mistero. E la cosa pi\u00f9 strana \u00e8 che sembrano tutti di piante infestanti. Di malerbe. Sebbene Guido non conosca la vittima e sappia che col commissario \u00e8 meglio non scherzare troppo, subito scatta in lui la curiosit\u00e0 di saperne di pi\u00f9, di entrare nella vita ordinata e prevedibile di una donna che, forse, dell\u2019ordine e della prevedibilit\u00e0 era diventata prigioniera. Ma quando scopre che la povera vittima, in realt\u00e0, per lui non \u00e8 poi una sconosciuta, ecco che la curiosit\u00e0 diventa ossessione&#8230;<\/p>\n","protected":false},"excerpt":{"rendered":"<p>Le battaglie contro pervicaci rose rampicanti e i progetti per eleganti bordure all\u2019inglese; i bicchieri di barbera goduti in religioso silenzio con l\u2019amico Osvaldo e le mai pi\u00f9 di tre parole scambiate con gli altri val\u00ect. \u00c8 questa la sua vita da giardiniere, e a Guido sta bene cos\u00ec. Meglio che il passato \u2013 l\u2019appartamento [&hellip;]<\/p>\n","protected":false},"author":1,"featured_media":41680,"comment_status":"open","ping_status":"open","sticky":false,"template":"","format":"standard","meta":{"_acf_changed":false,"footnotes":""},"categories":[1],"tags":[],"class_list":["post-41679","post","type-post","status-publish","format-standard","has-post-thumbnail","hentry","category-ebook"],"acf":[],"_links":{"self":[{"href":"https:\/\/malamaur.it\/index.php\/wp-json\/wp\/v2\/posts\/41679","targetHints":{"allow":["GET"]}}],"collection":[{"href":"https:\/\/malamaur.it\/index.php\/wp-json\/wp\/v2\/posts"}],"about":[{"href":"https:\/\/malamaur.it\/index.php\/wp-json\/wp\/v2\/types\/post"}],"author":[{"embeddable":true,"href":"https:\/\/malamaur.it\/index.php\/wp-json\/wp\/v2\/users\/1"}],"replies":[{"embeddable":true,"href":"https:\/\/malamaur.it\/index.php\/wp-json\/wp\/v2\/comments?post=41679"}],"version-history":[{"count":0,"href":"https:\/\/malamaur.it\/index.php\/wp-json\/wp\/v2\/posts\/41679\/revisions"}],"wp:featuredmedia":[{"embeddable":true,"href":"https:\/\/malamaur.it\/index.php\/wp-json\/wp\/v2\/media\/41680"}],"wp:attachment":[{"href":"https:\/\/malamaur.it\/index.php\/wp-json\/wp\/v2\/media?parent=41679"}],"wp:term":[{"taxonomy":"category","embeddable":true,"href":"https:\/\/malamaur.it\/index.php\/wp-json\/wp\/v2\/categories?post=41679"},{"taxonomy":"post_tag","embeddable":true,"href":"https:\/\/malamaur.it\/index.php\/wp-json\/wp\/v2\/tags?post=41679"}],"curies":[{"name":"wp","href":"https:\/\/api.w.org\/{rel}","templated":true}]}}