{"id":41735,"date":"2025-09-15T14:12:14","date_gmt":"2025-09-15T12:12:14","guid":{"rendered":"https:\/\/malamaur.it\/index.php\/2025\/09\/15\/pinoli\/"},"modified":"2025-09-15T14:12:14","modified_gmt":"2025-09-15T12:12:14","slug":"pinoli","status":"publish","type":"post","link":"https:\/\/malamaur.it\/index.php\/2025\/09\/15\/pinoli\/","title":{"rendered":"Pinoli"},"content":{"rendered":"<p>Gi\u00e0 nelle sue pi\u00fa recenti raccolte si vedeva come la poesia di Consonni tendesse a concentrarsi in forme brevi, immagini sintetizzate in pochi versi incisi nel bianco della pagina, e nel silenzio. Questa tendenza si accentua nel nuovo libro in cui, accanto ad alcune composizioni pi\u00fa articolate e pi\u00fa narrative condotte sul filo della memoria, prevale una poesia molto simile all&#8217;haiku: brevi o brevissime descrizioni naturali fatte di una sola frase, a volte senza nemmeno un verbo. Sfilano cos\u00ed animali di varie specie, quasi sempre di piccole dimensioni: merli, pettirossi, lucertole, branzini, cefali, farfalle, cicale, libellule&#8230; E anche fiori, piante; e venti come il grecale, e nuvole, e aurore e tramonti. Poesie piccole, come i pinoli del titolo, che contengono per\u00f2 tutto il sapore della natura, che riescono a intercettare il \u00ablievitare del canto \/ che sale dalla terra\u00bb, trovando la via segreta per mostrare la bellezza nascosta del mondo. Poesia fatta di apparenze che subito diventano astratte, metafisiche, come in certi quadri di C\u00e9zanne. L&#8217;opera della maturit\u00e0 di un autore che, dimessamente come \u00e8 sua indole, \u00e8 ormai entrato a buon diritto nel canone della migliore poesia italiana.<\/p>\n","protected":false},"excerpt":{"rendered":"<p>Gi\u00e0 nelle sue pi\u00fa recenti raccolte si vedeva come la poesia di Consonni tendesse a concentrarsi in forme brevi, immagini sintetizzate in pochi versi incisi nel bianco della pagina, e nel silenzio. Questa tendenza si accentua nel nuovo libro in cui, accanto ad alcune composizioni pi\u00fa articolate e pi\u00fa narrative condotte sul filo della memoria, [&hellip;]<\/p>\n","protected":false},"author":1,"featured_media":41736,"comment_status":"open","ping_status":"open","sticky":false,"template":"","format":"standard","meta":{"_acf_changed":false,"footnotes":""},"categories":[1],"tags":[],"class_list":["post-41735","post","type-post","status-publish","format-standard","has-post-thumbnail","hentry","category-ebook"],"acf":[],"_links":{"self":[{"href":"https:\/\/malamaur.it\/index.php\/wp-json\/wp\/v2\/posts\/41735","targetHints":{"allow":["GET"]}}],"collection":[{"href":"https:\/\/malamaur.it\/index.php\/wp-json\/wp\/v2\/posts"}],"about":[{"href":"https:\/\/malamaur.it\/index.php\/wp-json\/wp\/v2\/types\/post"}],"author":[{"embeddable":true,"href":"https:\/\/malamaur.it\/index.php\/wp-json\/wp\/v2\/users\/1"}],"replies":[{"embeddable":true,"href":"https:\/\/malamaur.it\/index.php\/wp-json\/wp\/v2\/comments?post=41735"}],"version-history":[{"count":0,"href":"https:\/\/malamaur.it\/index.php\/wp-json\/wp\/v2\/posts\/41735\/revisions"}],"wp:featuredmedia":[{"embeddable":true,"href":"https:\/\/malamaur.it\/index.php\/wp-json\/wp\/v2\/media\/41736"}],"wp:attachment":[{"href":"https:\/\/malamaur.it\/index.php\/wp-json\/wp\/v2\/media?parent=41735"}],"wp:term":[{"taxonomy":"category","embeddable":true,"href":"https:\/\/malamaur.it\/index.php\/wp-json\/wp\/v2\/categories?post=41735"},{"taxonomy":"post_tag","embeddable":true,"href":"https:\/\/malamaur.it\/index.php\/wp-json\/wp\/v2\/tags?post=41735"}],"curies":[{"name":"wp","href":"https:\/\/api.w.org\/{rel}","templated":true}]}}