{"id":41763,"date":"2025-09-15T14:12:49","date_gmt":"2025-09-15T12:12:49","guid":{"rendered":"https:\/\/malamaur.it\/index.php\/2025\/09\/15\/parole-di-conforto\/"},"modified":"2025-09-15T14:12:49","modified_gmt":"2025-09-15T12:12:49","slug":"parole-di-conforto","status":"publish","type":"post","link":"https:\/\/malamaur.it\/index.php\/2025\/09\/15\/parole-di-conforto\/","title":{"rendered":"Parole di conforto"},"content":{"rendered":"<p>Con questo libro Matt Haig prosegue la riflessione cominciata con *Ragioni per continuare a vivere* nel 2015 e portata avanti in questi anni sui social media. Come ha detto spesso, il consenso che ha trovato la sua \u00abbattaglia\u00bb per sensibilizzare sul tema della malattia mentale gli ha confermato quanto sia necessario parlarne di pi\u00f9 e far capire che, in quanto malattia, non \u00e8 diversa da altre e non va stigmatizzata. Come confida nell\u2019introduzione, scrivere lo aiuta a mettere le cose in prospettiva, a vederle da un\u2019angolazione diversa o semplicemente a \u00absfogarsi\u00bb. \u00c8 il primo dei molti consigli che d\u00e0 ai suoi lettori \u2013 cercare sempre la bellezza, anche quando certi stati d\u2019animo non permettono di apprezzarla fino in fondo, perch\u00e9 tiene per mano la speranza; concedersi di non puntare sempre alla perfezione, perch\u00e9 non \u00e8 di questo mondo; guardare avanti, sempre e comunque, per arrivare a vedere la luce in fondo al tunnel, per citarne altri \u2013 e sono consigli sinceri e spassionati, maturati con l\u2019esperienza personale. Il lettore non deve aspettarsi la panacea, inesistenti soluzioni universalmente applicabili. Il conforto maggiore gli verr\u00e0 dal sapere di non essere solo. Di avere in Matt un interlocutore aperto e disponibile, che ha affrontato certe difficolt\u00e0, tanto comuni e diffuse nel nostro mondo occidentale, e ne \u00e8 uscito pi\u00f9 forte.<\/p>\n","protected":false},"excerpt":{"rendered":"<p>Con questo libro Matt Haig prosegue la riflessione cominciata con *Ragioni per continuare a vivere* nel 2015 e portata avanti in questi anni sui social media. Come ha detto spesso, il consenso che ha trovato la sua \u00abbattaglia\u00bb per sensibilizzare sul tema della malattia mentale gli ha confermato quanto sia necessario parlarne di pi\u00f9 e [&hellip;]<\/p>\n","protected":false},"author":1,"featured_media":41764,"comment_status":"open","ping_status":"open","sticky":false,"template":"","format":"standard","meta":{"_acf_changed":false,"footnotes":""},"categories":[1],"tags":[],"class_list":["post-41763","post","type-post","status-publish","format-standard","has-post-thumbnail","hentry","category-ebook"],"acf":[],"_links":{"self":[{"href":"https:\/\/malamaur.it\/index.php\/wp-json\/wp\/v2\/posts\/41763","targetHints":{"allow":["GET"]}}],"collection":[{"href":"https:\/\/malamaur.it\/index.php\/wp-json\/wp\/v2\/posts"}],"about":[{"href":"https:\/\/malamaur.it\/index.php\/wp-json\/wp\/v2\/types\/post"}],"author":[{"embeddable":true,"href":"https:\/\/malamaur.it\/index.php\/wp-json\/wp\/v2\/users\/1"}],"replies":[{"embeddable":true,"href":"https:\/\/malamaur.it\/index.php\/wp-json\/wp\/v2\/comments?post=41763"}],"version-history":[{"count":0,"href":"https:\/\/malamaur.it\/index.php\/wp-json\/wp\/v2\/posts\/41763\/revisions"}],"wp:featuredmedia":[{"embeddable":true,"href":"https:\/\/malamaur.it\/index.php\/wp-json\/wp\/v2\/media\/41764"}],"wp:attachment":[{"href":"https:\/\/malamaur.it\/index.php\/wp-json\/wp\/v2\/media?parent=41763"}],"wp:term":[{"taxonomy":"category","embeddable":true,"href":"https:\/\/malamaur.it\/index.php\/wp-json\/wp\/v2\/categories?post=41763"},{"taxonomy":"post_tag","embeddable":true,"href":"https:\/\/malamaur.it\/index.php\/wp-json\/wp\/v2\/tags?post=41763"}],"curies":[{"name":"wp","href":"https:\/\/api.w.org\/{rel}","templated":true}]}}