{"id":41781,"date":"2025-09-15T14:13:15","date_gmt":"2025-09-15T12:13:15","guid":{"rendered":"https:\/\/malamaur.it\/index.php\/2025\/09\/15\/la-gita-in-barchetta\/"},"modified":"2025-09-15T14:13:15","modified_gmt":"2025-09-15T12:13:15","slug":"la-gita-in-barchetta","status":"publish","type":"post","link":"https:\/\/malamaur.it\/index.php\/2025\/09\/15\/la-gita-in-barchetta\/","title":{"rendered":"La gita in barchetta"},"content":{"rendered":"<p>Nella Bellano insolitamente ventosa di inizio 1963, Annibale Carretta dovrebbe essere conosciuto come ciabattino. Dovrebbe, perch\u00e9 la sua indole \u00e8 sempre stata un\u2019altra. Nato \u00abstrusciatore di donne\u00bb, uno che approfitta della calca per fare la mano morta, nella vita ha rimediato pi\u00f9 sganassoni che compensi per le scarpe che ha aggiustato. Ed \u00e8 finito in miseria, malato e volutamente dimenticato dai pi\u00f9. Ma non dalla presidentessa della San Vincenzo, che sui due locali di propriet\u00e0 del Carretta, ora che lui sembra pi\u00f9 di l\u00e0 che di qua, ha messo gli occhi. Vorrebbe trasformarli nella sede della sua associazione. Per questo ha brigato per farlo assistere da una giovane associata, Rita Cereda, detta la Scionca, con il chiaro intento di ottenere l\u2019immobile in donazione. E in parte ci riesce anche, se non fosse che quelle due stanze del Carretta ora a Rita farebbero parecchio comodo. Le vorrebbe dare alla madre per il suo laboratorio di sartoria, e alleviarle cos\u00ec il peso della vita grama che fa: vedova e col pensiero di una figlia zoppa, Rita, appunto; una malmaritata, Lirina, che non sa come liberarsi del muratore avvinazzato che ha sposato; e poi Vincenza, bella ma senza prospettive, che seduta sul legno di una barchetta vede riflesso nello specchio del lago il destino che l\u2019attende e al quale non sa sottrarsi. Su queste prime note si intona la sinfonia di voci e di vicende che hanno fatto di Bellano il paese-mondo in cui tutti possono ritrovare qualcosa di s\u00e9, e che nella Gita in barchetta interpreta una delle migliori partiture composte dalla penna leggera e tagliente di Andrea Vitali. Per i lettori \u00e8 l\u2019irresistibile occasione di immergersi ancora una volta nell\u2019intreccio sorprendente di storie che \u00e8 la vita.<\/p>\n","protected":false},"excerpt":{"rendered":"<p>Nella Bellano insolitamente ventosa di inizio 1963, Annibale Carretta dovrebbe essere conosciuto come ciabattino. Dovrebbe, perch\u00e9 la sua indole \u00e8 sempre stata un\u2019altra. Nato \u00abstrusciatore di donne\u00bb, uno che approfitta della calca per fare la mano morta, nella vita ha rimediato pi\u00f9 sganassoni che compensi per le scarpe che ha aggiustato. Ed \u00e8 finito in [&hellip;]<\/p>\n","protected":false},"author":1,"featured_media":41782,"comment_status":"open","ping_status":"open","sticky":false,"template":"","format":"standard","meta":{"_acf_changed":false,"footnotes":""},"categories":[1],"tags":[],"class_list":["post-41781","post","type-post","status-publish","format-standard","has-post-thumbnail","hentry","category-ebook"],"acf":[],"_links":{"self":[{"href":"https:\/\/malamaur.it\/index.php\/wp-json\/wp\/v2\/posts\/41781","targetHints":{"allow":["GET"]}}],"collection":[{"href":"https:\/\/malamaur.it\/index.php\/wp-json\/wp\/v2\/posts"}],"about":[{"href":"https:\/\/malamaur.it\/index.php\/wp-json\/wp\/v2\/types\/post"}],"author":[{"embeddable":true,"href":"https:\/\/malamaur.it\/index.php\/wp-json\/wp\/v2\/users\/1"}],"replies":[{"embeddable":true,"href":"https:\/\/malamaur.it\/index.php\/wp-json\/wp\/v2\/comments?post=41781"}],"version-history":[{"count":0,"href":"https:\/\/malamaur.it\/index.php\/wp-json\/wp\/v2\/posts\/41781\/revisions"}],"wp:featuredmedia":[{"embeddable":true,"href":"https:\/\/malamaur.it\/index.php\/wp-json\/wp\/v2\/media\/41782"}],"wp:attachment":[{"href":"https:\/\/malamaur.it\/index.php\/wp-json\/wp\/v2\/media?parent=41781"}],"wp:term":[{"taxonomy":"category","embeddable":true,"href":"https:\/\/malamaur.it\/index.php\/wp-json\/wp\/v2\/categories?post=41781"},{"taxonomy":"post_tag","embeddable":true,"href":"https:\/\/malamaur.it\/index.php\/wp-json\/wp\/v2\/tags?post=41781"}],"curies":[{"name":"wp","href":"https:\/\/api.w.org\/{rel}","templated":true}]}}