{"id":42393,"date":"2025-09-15T14:34:00","date_gmt":"2025-09-15T12:34:00","guid":{"rendered":"https:\/\/malamaur.it\/index.php\/2025\/09\/15\/le-terme\/"},"modified":"2025-09-15T14:34:00","modified_gmt":"2025-09-15T12:34:00","slug":"le-terme","status":"publish","type":"post","link":"https:\/\/malamaur.it\/index.php\/2025\/09\/15\/le-terme\/","title":{"rendered":"Le Terme"},"content":{"rendered":"<p>Pepe Carvalho a causa dei suoi eccessi alimentari si trova ad affrontare un periodo di disintossicazione in un impianto termale nel Sud della Spagna. \u201cEl balneario\u201d \u00e8 un istituto dietologico e idroterapico gestito da una societ\u00e0 svizzera che ha recuperato le antiche terme romane e arabe sulle sponde del fiume Sangue. Intorno al padiglione in stile moresco si muove una clientela facoltosa e cosmopolita seguendo le diete draconiane sviluppate dallo scomparso Dott. Faber. Carvalho, nonostante le sue scarse risorse e il suo smodato interesse per il cibo, si trova a vivere alcuni giorni in un luogo di benessere che improvvisamente si trasforma in un luogo di sterminio. \u201cUn assassino o diversi assassini vanno a spasso liberamente per questo stabilimento termale. \u00c8 impossibile sapere che cosa abbiano cercato di ottenere con tutti questi delitti, ma si tratta di qualcosa che \u00e8 qui, qualcosa che \u00e8 possibile toccare, con le mani o no, ma che \u00e8 qui. Ed \u00e8 cos\u00ec importante da scatenare una disperata carneficina.\u201d \u201cSu questo mi permetta di dissentire, signor Carvalho. Non \u00e8 indispensabile che si tratti di una disperata carneficina. Le ho gi\u00e0 parlato prima della mia teoria sulle crisi. Per risolvere bisogna provocarle. Qualcuno ha provocato questa crisi in cerca di una soluzione definitiva.\u201d \u201cSoluzione a che cosa?\u201d \u201cQuesto \u00e8 il problema.\u201d<\/p>\n","protected":false},"excerpt":{"rendered":"<p>Pepe Carvalho a causa dei suoi eccessi alimentari si trova ad affrontare un periodo di disintossicazione in un impianto termale nel Sud della Spagna. \u201cEl balneario\u201d \u00e8 un istituto dietologico e idroterapico gestito da una societ\u00e0 svizzera che ha recuperato le antiche terme romane e arabe sulle sponde del fiume Sangue. Intorno al padiglione in [&hellip;]<\/p>\n","protected":false},"author":1,"featured_media":42394,"comment_status":"open","ping_status":"open","sticky":false,"template":"","format":"standard","meta":{"_acf_changed":false,"footnotes":""},"categories":[1],"tags":[],"class_list":["post-42393","post","type-post","status-publish","format-standard","has-post-thumbnail","hentry","category-ebook"],"acf":[],"_links":{"self":[{"href":"https:\/\/malamaur.it\/index.php\/wp-json\/wp\/v2\/posts\/42393","targetHints":{"allow":["GET"]}}],"collection":[{"href":"https:\/\/malamaur.it\/index.php\/wp-json\/wp\/v2\/posts"}],"about":[{"href":"https:\/\/malamaur.it\/index.php\/wp-json\/wp\/v2\/types\/post"}],"author":[{"embeddable":true,"href":"https:\/\/malamaur.it\/index.php\/wp-json\/wp\/v2\/users\/1"}],"replies":[{"embeddable":true,"href":"https:\/\/malamaur.it\/index.php\/wp-json\/wp\/v2\/comments?post=42393"}],"version-history":[{"count":0,"href":"https:\/\/malamaur.it\/index.php\/wp-json\/wp\/v2\/posts\/42393\/revisions"}],"wp:featuredmedia":[{"embeddable":true,"href":"https:\/\/malamaur.it\/index.php\/wp-json\/wp\/v2\/media\/42394"}],"wp:attachment":[{"href":"https:\/\/malamaur.it\/index.php\/wp-json\/wp\/v2\/media?parent=42393"}],"wp:term":[{"taxonomy":"category","embeddable":true,"href":"https:\/\/malamaur.it\/index.php\/wp-json\/wp\/v2\/categories?post=42393"},{"taxonomy":"post_tag","embeddable":true,"href":"https:\/\/malamaur.it\/index.php\/wp-json\/wp\/v2\/tags?post=42393"}],"curies":[{"name":"wp","href":"https:\/\/api.w.org\/{rel}","templated":true}]}}