{"id":42413,"date":"2025-09-15T14:34:15","date_gmt":"2025-09-15T12:34:15","guid":{"rendered":"https:\/\/malamaur.it\/index.php\/2025\/09\/15\/salvarsi-a-vanvera\/"},"modified":"2025-09-15T14:34:15","modified_gmt":"2025-09-15T12:34:15","slug":"salvarsi-a-vanvera","status":"publish","type":"post","link":"https:\/\/malamaur.it\/index.php\/2025\/09\/15\/salvarsi-a-vanvera\/","title":{"rendered":"Salvarsi a vanvera"},"content":{"rendered":"<p>Autunno 1943. Secondo un&#8217;antica maledizione \u2013 inventata di sana pianta e venduta al comando tedesco come leggenda popolare \u2013 nelle viscere di una miniera di carbone sulla sponda del Rio Fogazza si nasconderebbe la Salamandra Ignifera Gigante Cinese, capace di folgorare a vista qualsiasi forestiero si avvicini. Per l&#8217;ebreo Mozenic Ar\u00e0d, che giusto prima delle leggi razziali ha pensato bene di diventare Mestolari Aride, la scoperta casuale del giacimento \u00e8 l&#8217;unica speranza di salvare se stesso e la sua famiglia. E cos\u00ec, mettendo insieme una squadra di persone altrimenti destinate a fine certa \u2013 una professoressa di liceo, un suonatore di clavicembalo, un fattorino e un numero imprecisato di irregolari che dal giorno alla notte si cuciono addosso il titolo di geologo, minatore, fuochista, carpentiere o artificiere \u2013 Aride comincia a vendere carbone alle milizie, tenendole ben lontane dalla miniera con lo spauracchio della vampa infuocata. Finch\u00e9 il maggiore Aginolf Dietbrand von Appensteiner, comandante di piazza, comincia a insospettirsi&#8230; Dopo &#8220;La vita dispari&#8221;, Paolo Colagrande ci consegna un romanzo straripante d&#8217;intelligenza e di invenzioni. Pagina dopo pagina, assecondando \u00abl&#8217;impostura del destino\u00bb, costruisce una bugia grande quanto un intero paese: il piano geniale di un pugno di ebrei padani per salvarsi la vita. \u00ab\u00c8 obbligatorio esagerare, se no cosa si racconta a fare\u00bb. Si pu\u00f2 immaginare una Resistenza coloratissima, sgangherata, ma non per questo meno seria? Per chi \u00e8 nato con il cognome sbagliato, l&#8217;autunno del &#8217;43 \u00e8 nero come il carbone. Forse nasce da qui l&#8217;idea spericolata e geniale di Aride Mestolari: tenendo il piccolo Cali sempre per mano, organizza dall&#8217;oggi al domani un&#8217;improbabile combriccola di minatori. L&#8217;imperativo categorico \u00e8 salvarsi la vita \u2013 la sua, e quella degli altri \u2013 a dispetto di un destino in apparenza gi\u00e0 scritto.<\/p>\n","protected":false},"excerpt":{"rendered":"<p>Autunno 1943. Secondo un&#8217;antica maledizione \u2013 inventata di sana pianta e venduta al comando tedesco come leggenda popolare \u2013 nelle viscere di una miniera di carbone sulla sponda del Rio Fogazza si nasconderebbe la Salamandra Ignifera Gigante Cinese, capace di folgorare a vista qualsiasi forestiero si avvicini. Per l&#8217;ebreo Mozenic Ar\u00e0d, che giusto prima delle [&hellip;]<\/p>\n","protected":false},"author":1,"featured_media":42414,"comment_status":"open","ping_status":"open","sticky":false,"template":"","format":"standard","meta":{"_acf_changed":false,"footnotes":""},"categories":[1],"tags":[],"class_list":["post-42413","post","type-post","status-publish","format-standard","has-post-thumbnail","hentry","category-ebook"],"acf":[],"_links":{"self":[{"href":"https:\/\/malamaur.it\/index.php\/wp-json\/wp\/v2\/posts\/42413","targetHints":{"allow":["GET"]}}],"collection":[{"href":"https:\/\/malamaur.it\/index.php\/wp-json\/wp\/v2\/posts"}],"about":[{"href":"https:\/\/malamaur.it\/index.php\/wp-json\/wp\/v2\/types\/post"}],"author":[{"embeddable":true,"href":"https:\/\/malamaur.it\/index.php\/wp-json\/wp\/v2\/users\/1"}],"replies":[{"embeddable":true,"href":"https:\/\/malamaur.it\/index.php\/wp-json\/wp\/v2\/comments?post=42413"}],"version-history":[{"count":0,"href":"https:\/\/malamaur.it\/index.php\/wp-json\/wp\/v2\/posts\/42413\/revisions"}],"wp:featuredmedia":[{"embeddable":true,"href":"https:\/\/malamaur.it\/index.php\/wp-json\/wp\/v2\/media\/42414"}],"wp:attachment":[{"href":"https:\/\/malamaur.it\/index.php\/wp-json\/wp\/v2\/media?parent=42413"}],"wp:term":[{"taxonomy":"category","embeddable":true,"href":"https:\/\/malamaur.it\/index.php\/wp-json\/wp\/v2\/categories?post=42413"},{"taxonomy":"post_tag","embeddable":true,"href":"https:\/\/malamaur.it\/index.php\/wp-json\/wp\/v2\/tags?post=42413"}],"curies":[{"name":"wp","href":"https:\/\/api.w.org\/{rel}","templated":true}]}}