{"id":42431,"date":"2025-09-15T14:34:33","date_gmt":"2025-09-15T12:34:33","guid":{"rendered":"https:\/\/malamaur.it\/index.php\/2025\/09\/15\/la-mia-fuga-da-kabul\/"},"modified":"2025-09-15T14:34:33","modified_gmt":"2025-09-15T12:34:33","slug":"la-mia-fuga-da-kabul","status":"publish","type":"post","link":"https:\/\/malamaur.it\/index.php\/2025\/09\/15\/la-mia-fuga-da-kabul\/","title":{"rendered":"La mia fuga da Kabul"},"content":{"rendered":"<p>Il 15 agosto 2021 i talebani occupano Kabul. \u00c8 una tragedia che coinvolge e fa vergognare tutto il mondo occidentale. Asm\u0101 ha 23 anni, \u00e8 una ragazza di buona famiglia, suo padre \u00e8 l\u2019architetto che da anni progetta l\u2019ammodernamento della capitale ed \u00e8 stato amico di Massoud, il \u201cLeone del Panjshir\u201d fatto uccidere da Osama bin Laden due giorni prima dell\u2019attentato alle Torri gemelle. Asm\u0101 \u00e8 laureata in Scienze politiche, ha frequentato un master in Relazioni internazionali a Pechino e uno online di un&#8217;universit\u00e0 romana. Per lei i talebani sono solo un racconto, dei genitori e di sua sorella maggiore, di anni lontani quando ancora lei doveva nascere. Da qualche mese \u00e8 fidanzata con un ragazzo di Jalalabad, Wahid, ed entrambi sono in attesa di un visto per l&#8217;Italia dove dovrebbero frequentare un master. La mattina del 15 agosto escono insieme da casa. Sembra un giorno come gli altri: funzionano i mezzi pubblici, le scuole sono aperte, la gente va al lavoro. Nel pomeriggio per\u00f2 i talebani entrano nella capitale. Tutti i progetti della ragazza che sognava un futuro in Italia sembrano crollare come un castello di carte. Ma insieme al fidanzato decide di non arrendersi. Questo \u00e8 il diario di cinque giorni vissuti pericolosamente, di azzardi che sembrano la trama di un film d\u2019azione hollywoodiano. Tutto parte dall\u2019e-mail del professore italiano con cui aveva studiato che le chiede, un po\u2019 ingenuamente da una localit\u00e0 di vacanza (\u00e8 Ferragosto), se ha bisogno d\u2019aiuto. Comincia cos\u00ec una fitta corrispondenza via e-mail e via WhatsApp, in cui gradualmente vengono coinvolti anche il ministero degli Esteri, della Difesa e degli Interni italiani. Per partire insieme i due ragazzi fanno benedire la loro unione da un imam, poi vengono guidati lungo il pericolosissimo percorso verso l&#8217;aeroporto di Kabul, dove met\u00e0 della popolazione cittadina sta cercando di entrare. Giunti ai cancelli vengono pi\u00f9 volte picchiati e respinti dai talebani. Seguono ore drammatiche, scandite minuto per minuto, dove tutto dipende da un telefonino, quasi totalmente scarico: Asm\u0101 non pu\u00f2 perdere il contatto con gli italiani. Quando tutto sembra perduto, per i due ragazzi si apre la via verso la libert\u00e0. \u00abI talebani si spazientiscono, interrompono la comunicazione e mi colpiscono sulla testa. I soldati stranieri stanno anche loro sparando perch\u00e9 c\u2019\u00e8 troppo rumore e troppa confusione, la gente spinge, tutti vogliono entrare. Un proiettile colpisce una persona di fronte a noi, vedo il sangue che sgorga. Credo di essere morta anch\u2019io. Ora i soldati la stanno portando via, ma nemmeno questa scena fa desistere la gente che continua a spingere\u00bb.<\/p>\n","protected":false},"excerpt":{"rendered":"<p>Il 15 agosto 2021 i talebani occupano Kabul. \u00c8 una tragedia che coinvolge e fa vergognare tutto il mondo occidentale. Asm\u0101 ha 23 anni, \u00e8 una ragazza di buona famiglia, suo padre \u00e8 l\u2019architetto che da anni progetta l\u2019ammodernamento della capitale ed \u00e8 stato amico di Massoud, il \u201cLeone del Panjshir\u201d fatto uccidere da Osama [&hellip;]<\/p>\n","protected":false},"author":1,"featured_media":42432,"comment_status":"open","ping_status":"open","sticky":false,"template":"","format":"standard","meta":{"_acf_changed":false,"footnotes":""},"categories":[1],"tags":[],"class_list":["post-42431","post","type-post","status-publish","format-standard","has-post-thumbnail","hentry","category-ebook"],"acf":[],"_links":{"self":[{"href":"https:\/\/malamaur.it\/index.php\/wp-json\/wp\/v2\/posts\/42431","targetHints":{"allow":["GET"]}}],"collection":[{"href":"https:\/\/malamaur.it\/index.php\/wp-json\/wp\/v2\/posts"}],"about":[{"href":"https:\/\/malamaur.it\/index.php\/wp-json\/wp\/v2\/types\/post"}],"author":[{"embeddable":true,"href":"https:\/\/malamaur.it\/index.php\/wp-json\/wp\/v2\/users\/1"}],"replies":[{"embeddable":true,"href":"https:\/\/malamaur.it\/index.php\/wp-json\/wp\/v2\/comments?post=42431"}],"version-history":[{"count":0,"href":"https:\/\/malamaur.it\/index.php\/wp-json\/wp\/v2\/posts\/42431\/revisions"}],"wp:featuredmedia":[{"embeddable":true,"href":"https:\/\/malamaur.it\/index.php\/wp-json\/wp\/v2\/media\/42432"}],"wp:attachment":[{"href":"https:\/\/malamaur.it\/index.php\/wp-json\/wp\/v2\/media?parent=42431"}],"wp:term":[{"taxonomy":"category","embeddable":true,"href":"https:\/\/malamaur.it\/index.php\/wp-json\/wp\/v2\/categories?post=42431"},{"taxonomy":"post_tag","embeddable":true,"href":"https:\/\/malamaur.it\/index.php\/wp-json\/wp\/v2\/tags?post=42431"}],"curies":[{"name":"wp","href":"https:\/\/api.w.org\/{rel}","templated":true}]}}