{"id":42439,"date":"2025-09-15T14:34:42","date_gmt":"2025-09-15T12:34:42","guid":{"rendered":"https:\/\/malamaur.it\/index.php\/2025\/09\/15\/ne-ho-fatte-di-tutti-i-colori\/"},"modified":"2025-09-15T14:34:42","modified_gmt":"2025-09-15T12:34:42","slug":"ne-ho-fatte-di-tutti-i-colori","status":"publish","type":"post","link":"https:\/\/malamaur.it\/index.php\/2025\/09\/15\/ne-ho-fatte-di-tutti-i-colori\/","title":{"rendered":"Ne ho fatte di tutti i colori"},"content":{"rendered":"<p>\u201cIo non ho nessuna idea ma non ho paura di guardare. Tutto il mio lavoro \u00e8 stato questo, tutta la mia vita. Finch\u00e9, guardando il cielo, non noter\u00f2 due nuvole identiche, io continuer\u00f2 a osservare, fiducioso che qualcosa mi cadr\u00e0 in testa e mi colpir\u00e0.\u201d Fotografo, portatore di un pensiero sovversivo e irriverente, Oliviero Toscani ha rivoluzionato il mondo della moda e della comunicazione in oltre mezzo secolo di carriera. In questo libro si racconta per la prima volta in un\u2019autobiografia deflagrante come le sue idee. Dagli studi d\u2019arte a Zurigo all\u2019avventura da esordiente sfrontato negli Stati Uniti, rincorrendo un servizio per \u201cHarper\u2019s Bazaar\u201d, andando alle feste con Andy Warhol, fotografando Muhammad Ali e imponendo un nuovo modo di raccontare la bellezza. E poi le prime campagne pubblicitarie, in cui rompe ogni regola portando una ventata di aria fresca e sconvolgendo i benpensanti, fino alla comunicazione sociale innovativa con Fabrica e la rivista \u201cColors\u201d, le provocazioni della politica e lo sguardo ostinatamente rivolto ai giovani e al futuro. Dalla pi\u00f9 grande pop star dell\u2019iconografia italiana, un racconto divertente, esplosivo, pieno di sorprese.<\/p>\n","protected":false},"excerpt":{"rendered":"<p>\u201cIo non ho nessuna idea ma non ho paura di guardare. Tutto il mio lavoro \u00e8 stato questo, tutta la mia vita. Finch\u00e9, guardando il cielo, non noter\u00f2 due nuvole identiche, io continuer\u00f2 a osservare, fiducioso che qualcosa mi cadr\u00e0 in testa e mi colpir\u00e0.\u201d Fotografo, portatore di un pensiero sovversivo e irriverente, Oliviero Toscani [&hellip;]<\/p>\n","protected":false},"author":1,"featured_media":42440,"comment_status":"open","ping_status":"open","sticky":false,"template":"","format":"standard","meta":{"_acf_changed":false,"footnotes":""},"categories":[1],"tags":[],"class_list":["post-42439","post","type-post","status-publish","format-standard","has-post-thumbnail","hentry","category-ebook"],"acf":[],"_links":{"self":[{"href":"https:\/\/malamaur.it\/index.php\/wp-json\/wp\/v2\/posts\/42439","targetHints":{"allow":["GET"]}}],"collection":[{"href":"https:\/\/malamaur.it\/index.php\/wp-json\/wp\/v2\/posts"}],"about":[{"href":"https:\/\/malamaur.it\/index.php\/wp-json\/wp\/v2\/types\/post"}],"author":[{"embeddable":true,"href":"https:\/\/malamaur.it\/index.php\/wp-json\/wp\/v2\/users\/1"}],"replies":[{"embeddable":true,"href":"https:\/\/malamaur.it\/index.php\/wp-json\/wp\/v2\/comments?post=42439"}],"version-history":[{"count":0,"href":"https:\/\/malamaur.it\/index.php\/wp-json\/wp\/v2\/posts\/42439\/revisions"}],"wp:featuredmedia":[{"embeddable":true,"href":"https:\/\/malamaur.it\/index.php\/wp-json\/wp\/v2\/media\/42440"}],"wp:attachment":[{"href":"https:\/\/malamaur.it\/index.php\/wp-json\/wp\/v2\/media?parent=42439"}],"wp:term":[{"taxonomy":"category","embeddable":true,"href":"https:\/\/malamaur.it\/index.php\/wp-json\/wp\/v2\/categories?post=42439"},{"taxonomy":"post_tag","embeddable":true,"href":"https:\/\/malamaur.it\/index.php\/wp-json\/wp\/v2\/tags?post=42439"}],"curies":[{"name":"wp","href":"https:\/\/api.w.org\/{rel}","templated":true}]}}