{"id":42495,"date":"2025-09-15T14:35:39","date_gmt":"2025-09-15T12:35:39","guid":{"rendered":"https:\/\/malamaur.it\/index.php\/2025\/09\/15\/gli-anni-della-polvere\/"},"modified":"2025-09-15T14:35:39","modified_gmt":"2025-09-15T12:35:39","slug":"gli-anni-della-polvere","status":"publish","type":"post","link":"https:\/\/malamaur.it\/index.php\/2025\/09\/15\/gli-anni-della-polvere\/","title":{"rendered":"Gli anni della polvere"},"content":{"rendered":"<p>Una famiglia divisa dalla guerraUna storia straordinaria sul potere della speranzaTom non ha mai avuto un buon rapporto con la madre. Ma, da quando Greta ha iniziato a mostrare chiari sintomi di demenza senile, ha messo da parte i risentimenti per prendersi cura di lei, sopportandone persino le dimenticanze pi\u00f9 dolorose, come chiamare il defunto padre col nome sbagliato o chiedere notizie della \u00absorella\u00bb di Tom, che per\u00f2 \u00e8 figlio unico. Tuttavia c&#8217;\u00e8 qualcosa nel tono di Greta \u2013 una dolcezza cos\u00ec insolita per lei \u2013 che induce Tom a dubitare si tratti solo di deliri indotti dalla malattia. E i suoi sospetti si trasformano in certezza il giorno in cui, nascosti in un cassetto, trova la foto di un soldato afroamericano e una vecchia bambola. Inizia cos\u00ec per Tom un viaggio attraverso un passato che Greta non ha mai voluto condividere con nessuno: gli anni spensierati nella casa di famiglia nella Prussia orientale, all&#8217;epoca parte del Reich; poi la fuga a piedi verso ovest, cacciati dai sovietici alla fine della seconda guerra mondiale; i primi, durissimi mesi ad Heidelberg, a lottare contro la fame e il freddo, e infine l\u2019incontro con Bob Cooper. Bob, che era stato il primo, travolgente amore di Greta, un lampo di felicit\u00e0 purissima spazzato via dai pregiudizi di un Paese in cui non c&#8217;era posto per chi aveva un diverso colore della pelle\u2026 Seguendo il filo della memoria, a poco a poco Tom ricostruisce la figura di una donna lontanissima dall&#8217;immagine che aveva di sua madre, una donna forte, appassionata e caparbia. E capisce che l&#8217;amore \u00e8 l&#8217;unica cosa che rimane quando si ha dimenticato tutto, e sar\u00e0 quell&#8217;amore, alla fine, a indicargli la via per ritrovare la sua famiglia perduta\u2026<\/p>\n","protected":false},"excerpt":{"rendered":"<p>Una famiglia divisa dalla guerraUna storia straordinaria sul potere della speranzaTom non ha mai avuto un buon rapporto con la madre. Ma, da quando Greta ha iniziato a mostrare chiari sintomi di demenza senile, ha messo da parte i risentimenti per prendersi cura di lei, sopportandone persino le dimenticanze pi\u00f9 dolorose, come chiamare il defunto [&hellip;]<\/p>\n","protected":false},"author":1,"featured_media":42496,"comment_status":"open","ping_status":"open","sticky":false,"template":"","format":"standard","meta":{"_acf_changed":false,"footnotes":""},"categories":[1],"tags":[],"class_list":["post-42495","post","type-post","status-publish","format-standard","has-post-thumbnail","hentry","category-ebook"],"acf":[],"_links":{"self":[{"href":"https:\/\/malamaur.it\/index.php\/wp-json\/wp\/v2\/posts\/42495","targetHints":{"allow":["GET"]}}],"collection":[{"href":"https:\/\/malamaur.it\/index.php\/wp-json\/wp\/v2\/posts"}],"about":[{"href":"https:\/\/malamaur.it\/index.php\/wp-json\/wp\/v2\/types\/post"}],"author":[{"embeddable":true,"href":"https:\/\/malamaur.it\/index.php\/wp-json\/wp\/v2\/users\/1"}],"replies":[{"embeddable":true,"href":"https:\/\/malamaur.it\/index.php\/wp-json\/wp\/v2\/comments?post=42495"}],"version-history":[{"count":0,"href":"https:\/\/malamaur.it\/index.php\/wp-json\/wp\/v2\/posts\/42495\/revisions"}],"wp:featuredmedia":[{"embeddable":true,"href":"https:\/\/malamaur.it\/index.php\/wp-json\/wp\/v2\/media\/42496"}],"wp:attachment":[{"href":"https:\/\/malamaur.it\/index.php\/wp-json\/wp\/v2\/media?parent=42495"}],"wp:term":[{"taxonomy":"category","embeddable":true,"href":"https:\/\/malamaur.it\/index.php\/wp-json\/wp\/v2\/categories?post=42495"},{"taxonomy":"post_tag","embeddable":true,"href":"https:\/\/malamaur.it\/index.php\/wp-json\/wp\/v2\/tags?post=42495"}],"curies":[{"name":"wp","href":"https:\/\/api.w.org\/{rel}","templated":true}]}}