{"id":42553,"date":"2025-09-15T14:36:46","date_gmt":"2025-09-15T12:36:46","guid":{"rendered":"https:\/\/malamaur.it\/index.php\/2025\/09\/15\/tutta-la-stanchezza-del-mondo\/"},"modified":"2025-09-15T14:36:46","modified_gmt":"2025-09-15T12:36:46","slug":"tutta-la-stanchezza-del-mondo","status":"publish","type":"post","link":"https:\/\/malamaur.it\/index.php\/2025\/09\/15\/tutta-la-stanchezza-del-mondo\/","title":{"rendered":"Tutta la stanchezza del mondo"},"content":{"rendered":"<p>L\u201911 febbraio 2013, nel cuore di una serata di ordinario delirio tra figli piccoli, lavoro arretrato e incombenze domestiche, dalla tv arriva una notizia stupefacente: il papa si \u00e8 dimesso. Non \u00e8 malato, non \u00e8 in crisi spirituale, \u00e8 afflitto dalla patologia del secolo, la stanchezza. In quel momento Enrica Tesio si sente \u201cparte di qualcosa di grande e insieme sola in modo assoluto\u201d. Perch\u00e9 no, noi non possiamo dimetterci. Noi siamo il popolo del multitasking che diventa multistanching. Siamo quelli che in ogni istante libero \u201cscrollano\u201d pagine social per misurare le vite degli altri, quelli che riempiono di impegni il tempo dei figli per il terrore di non stimolarli abbastanza, quelli che di giorno si portano il computer in salotto per lavorare e la sera in camera da letto per guardare una serie ma intanto rispondere all\u2019ultima mail&#8230; quelli che, per riposarsi, si devono concentrare. Con il suo sguardo acuto e pieno di humour Enrica Tesio ci apre un diario privato di fatiche collettive, dodici per la precisione, come quelle di Ercole. Con un\u2019unica raccomandazione: stasera, quando tornate a casa, date una carezza a un adulto stanco e ditegli \u201cquesta \u00e8 la carezza dell\u2019ex papa\u201d.<\/p>\n","protected":false},"excerpt":{"rendered":"<p>L\u201911 febbraio 2013, nel cuore di una serata di ordinario delirio tra figli piccoli, lavoro arretrato e incombenze domestiche, dalla tv arriva una notizia stupefacente: il papa si \u00e8 dimesso. Non \u00e8 malato, non \u00e8 in crisi spirituale, \u00e8 afflitto dalla patologia del secolo, la stanchezza. In quel momento Enrica Tesio si sente \u201cparte di [&hellip;]<\/p>\n","protected":false},"author":1,"featured_media":42554,"comment_status":"open","ping_status":"open","sticky":false,"template":"","format":"standard","meta":{"_acf_changed":false,"footnotes":""},"categories":[1],"tags":[],"class_list":["post-42553","post","type-post","status-publish","format-standard","has-post-thumbnail","hentry","category-ebook"],"acf":[],"_links":{"self":[{"href":"https:\/\/malamaur.it\/index.php\/wp-json\/wp\/v2\/posts\/42553","targetHints":{"allow":["GET"]}}],"collection":[{"href":"https:\/\/malamaur.it\/index.php\/wp-json\/wp\/v2\/posts"}],"about":[{"href":"https:\/\/malamaur.it\/index.php\/wp-json\/wp\/v2\/types\/post"}],"author":[{"embeddable":true,"href":"https:\/\/malamaur.it\/index.php\/wp-json\/wp\/v2\/users\/1"}],"replies":[{"embeddable":true,"href":"https:\/\/malamaur.it\/index.php\/wp-json\/wp\/v2\/comments?post=42553"}],"version-history":[{"count":0,"href":"https:\/\/malamaur.it\/index.php\/wp-json\/wp\/v2\/posts\/42553\/revisions"}],"wp:featuredmedia":[{"embeddable":true,"href":"https:\/\/malamaur.it\/index.php\/wp-json\/wp\/v2\/media\/42554"}],"wp:attachment":[{"href":"https:\/\/malamaur.it\/index.php\/wp-json\/wp\/v2\/media?parent=42553"}],"wp:term":[{"taxonomy":"category","embeddable":true,"href":"https:\/\/malamaur.it\/index.php\/wp-json\/wp\/v2\/categories?post=42553"},{"taxonomy":"post_tag","embeddable":true,"href":"https:\/\/malamaur.it\/index.php\/wp-json\/wp\/v2\/tags?post=42553"}],"curies":[{"name":"wp","href":"https:\/\/api.w.org\/{rel}","templated":true}]}}