{"id":42565,"date":"2025-09-15T14:37:01","date_gmt":"2025-09-15T12:37:01","guid":{"rendered":"https:\/\/malamaur.it\/index.php\/2025\/09\/15\/fatti-di-parole\/"},"modified":"2025-09-15T14:37:01","modified_gmt":"2025-09-15T12:37:01","slug":"fatti-di-parole","status":"publish","type":"post","link":"https:\/\/malamaur.it\/index.php\/2025\/09\/15\/fatti-di-parole\/","title":{"rendered":"Fatti di parole"},"content":{"rendered":"<p>Nel nostro modo di usare le parole, da quelle pi\u00f9 nobili a quelle pi\u00f9 triviali, \u00e8 racchiusa una teoria dello spazio e del tempo, della materia e della causalit\u00e0. Nel linguaggio, sia colto sia quotidiano, sono radicati un modello (anzi, due) di sessualit\u00e0, i concetti di divinit\u00e0, potere e giustizia, le nozioni di intimit\u00e0, benessere e pericolo, una filosofia del libero arbitrio.<br \/>\nE poich\u00e9, al di l\u00e0 di minime variazioni, la logica d&#8217;insieme \u00e8 la stessa per ogni lingua, un esame approfondito dei mezzi e delle modalit\u00e0 di comunicazione verbale &#8211; dai discorsi volti a informare o a convincere, a minacciare o a sedurre, alle imprecazioni, ai nomi che scegliamo per i figli &#8211; pu\u00f2 rivelarsi prezioso per capire chi siamo e le vere ragioni dei nostri comportamenti.<br \/>\n\u00c8 l&#8217;obiettivo che si pone Steven Pinker in Fatti di parole, in cui confluiscono i due fecondi itinerari di ricerca da lui percorsi negli ultimi anni: lo studio della facolt\u00e0 di linguaggio e l&#8217;indagine sui processi cognitivi e sulla natura umana. In questa prospettiva l&#8217;autore si propone di analizzare il significato di parole e frasi in contesti sociali, ovvero nelle varie occasioni in cui cerchiamo di esprimere verbalmente i nostri pensieri e sentimenti. La conclusione a cui giunge \u00e8 che ogni essere umano si forma un&#8217;immagine del mondo fisico e del mondo sociale che non corrisponde al flusso di sensazioni provocato dall&#8217;incontro della mente con l&#8217;ambiente esterno, ma \u00e8 costruita a partire da un repertorio limitato e identificabile di pensieri primari, o meglio di \u00abconcetti naturali\u00bb (per esempio, spazio, forza, dominanza, parentela e contaminazione), che, grazie alla loro plasticit\u00e0 e valenza metaforica, sono in grado di ricomporre i dati d&#8217;esperienza in una molteplicit\u00e0 di oggetti ed eventi traducibili in vocaboli e proposizioni.<br \/>\nLa prevalenza di alcuni di questi \u00abmanufatti mentali\u00bb (nomi, parole, stringhe linguistiche) in quella rete di influenze reciproche che \u00e8 la comunit\u00e0 dei parlanti, dove ogni individuo \u00e8 insieme produttore e consumatore di significati, definisce ci\u00f2 che chiamiamo \u00abcultura\u00bb di una societ\u00e0, di cui la lingua \u00e8 parte integrante.<br \/>\nTrattando con grande chiarezza e rigore scientifico idee complesse e originali, come di consueto Pinker non rinuncia al suo stile ricco di elegante ironia, facendo spesso ricorso a giochi di parole e a esempi tratti dall&#8217;attualit\u00e0, dalla letteratura di consumo e da film, fumetti e videogiochi, quasi che solo un approccio di divertita leggerezza possa strappare al linguaggio i segreti dell&#8217;ancora misterioso funzionamento della mente e, quindi, della natura umana.<\/p>\n","protected":false},"excerpt":{"rendered":"<p>Nel nostro modo di usare le parole, da quelle pi\u00f9 nobili a quelle pi\u00f9 triviali, \u00e8 racchiusa una teoria dello spazio e del tempo, della materia e della causalit\u00e0. Nel linguaggio, sia colto sia quotidiano, sono radicati un modello (anzi, due) di sessualit\u00e0, i concetti di divinit\u00e0, potere e giustizia, le nozioni di intimit\u00e0, benessere [&hellip;]<\/p>\n","protected":false},"author":1,"featured_media":42566,"comment_status":"open","ping_status":"open","sticky":false,"template":"","format":"standard","meta":{"_acf_changed":false,"footnotes":""},"categories":[1],"tags":[],"class_list":["post-42565","post","type-post","status-publish","format-standard","has-post-thumbnail","hentry","category-ebook"],"acf":[],"_links":{"self":[{"href":"https:\/\/malamaur.it\/index.php\/wp-json\/wp\/v2\/posts\/42565","targetHints":{"allow":["GET"]}}],"collection":[{"href":"https:\/\/malamaur.it\/index.php\/wp-json\/wp\/v2\/posts"}],"about":[{"href":"https:\/\/malamaur.it\/index.php\/wp-json\/wp\/v2\/types\/post"}],"author":[{"embeddable":true,"href":"https:\/\/malamaur.it\/index.php\/wp-json\/wp\/v2\/users\/1"}],"replies":[{"embeddable":true,"href":"https:\/\/malamaur.it\/index.php\/wp-json\/wp\/v2\/comments?post=42565"}],"version-history":[{"count":0,"href":"https:\/\/malamaur.it\/index.php\/wp-json\/wp\/v2\/posts\/42565\/revisions"}],"wp:featuredmedia":[{"embeddable":true,"href":"https:\/\/malamaur.it\/index.php\/wp-json\/wp\/v2\/media\/42566"}],"wp:attachment":[{"href":"https:\/\/malamaur.it\/index.php\/wp-json\/wp\/v2\/media?parent=42565"}],"wp:term":[{"taxonomy":"category","embeddable":true,"href":"https:\/\/malamaur.it\/index.php\/wp-json\/wp\/v2\/categories?post=42565"},{"taxonomy":"post_tag","embeddable":true,"href":"https:\/\/malamaur.it\/index.php\/wp-json\/wp\/v2\/tags?post=42565"}],"curies":[{"name":"wp","href":"https:\/\/api.w.org\/{rel}","templated":true}]}}